{"id":715803,"date":"2020-10-12T21:00:00","date_gmt":"2020-10-12T19:00:00","guid":{"rendered":"https:\/\/dailynewshungary.com\/de\/medienrat-opposition-klubradio-hat-bei-seiner-bewerbung-um-929-mhz-alle-erfolgsaussichten\/"},"modified":"2020-10-12T21:00:00","modified_gmt":"2020-10-12T19:00:00","slug":"medienrat-opposition-klubradio-hat-bei-seiner-bewerbung-um-929-mhz-alle-erfolgsaussichten","status":"publish","type":"post","link":"https:\/\/dailynewshungary.com\/de\/medienrat-opposition-klubradio-hat-bei-seiner-bewerbung-um-929-mhz-alle-erfolgsaussichten\/","title":{"rendered":"Medienrat: Opposition Klubr\u00e1dio hat bei seiner Bewerbung um 92,9 MHz alle Erfolgsaussichten"},"content":{"rendered":"<p><strong>Der Privatsender Klubr\u00e1dio habe bei seinem Angebot f\u00fcr die Frequenz 92,9 MHz in Budapest alle Erfolgsaussichten, teilte der Aufsichtsrat der ungarischen Medienbeh\u00f6rde am Montag mit.<\/strong><\/p>\n<p>Der Medienrat der Nationalen Medien- und Kommunikationsbeh\u00f6rde (NMHH) teilte MTI in einer Erkl\u00e4rung mit, dass die Ausschreibung f\u00fcr die Budapester Frequenz zur Gemeinschaftsnutzung auf seiner Website verf\u00fcgbar und zur Kommentierung verf\u00fcgbar sei.<\/p>\n<p>Die Lizenz des bei oppositionellen H\u00f6rern beliebten Senders l\u00e4uft im kommenden Februar aus, hei\u00dft es in der Erkl\u00e4rung und f\u00fcgte hinzu, dass zu den Kriterien f\u00fcr ein erfolgreiches Angebot auch Erfahrung bei der Bereitstellung eines Mediendienstes geh\u00f6re.<\/p>\n<blockquote>\n<p>Klubradio, das bereits auf der Frequenz 92,9 MHz ausgestrahlt habe, habe in dieser Hinsicht einen eingebauten Vorteil, hei\u00dft es in der Erkl\u00e4rung weiter.<\/p>\n<\/blockquote>\n<p>Heute zuvor gab der Medienrat bekannt, dass er k\u00fcrzlich ein Gerichtsverfahren gegen Klubradio gewonnen habe. Der Sender verklagte den Rat bereits 2015 auf Schadensersatz in H\u00f6he von 1,4 Milliarden Forint (3,93 Mio. EUR) und argumentierte, dass ihr Rechtsstreit zu einem erheblichen R\u00fcckgang seiner Einnahmen gef\u00fchrt habe Das Gericht entschied jedoch, dass die Berechnungsmethoden, auf die Klubradio seinen Anspruch st\u00fctzte, \u201efalsch und unrealistisch\u201csind\u201d.<\/p>\n<ul>\n<li><a href=\"https:\/\/dailynewshungary.com\/de\/ungarischer-milliardar-kauft-sloweniens-beliebtesten-fernsehsender\/\" target=\"_blank\" rel=\"noopener noreferrer\">Ungarischer Milliard\u00e4r kauft Sloweniens beliebtesten Fernsehsender<\/a><\/li>\n<\/ul>\n","protected":false},"excerpt":{"rendered":"<p>Der Privatsender Klubr\u00e1dio habe bei seinem Angebot f\u00fcr die Frequenz 92,9 MHz in Budapest alle Erfolgsaussichten, teilte der Aufsichtsrat der ungarischen Medienbeh\u00f6rde am Montag mit. Der Medienrat der Nationalen Medien- und Kommunikationsbeh\u00f6rde (NMHH) teilte MTI in einer Erkl\u00e4rung mit, dass die Ausschreibung f\u00fcr die Budapester Frequenz zur Gemeinschaftsnutzung auf seiner Website verf\u00fcgbar und zur Kommentierung [&hellip;]<\/p>\n","protected":false},"author":2,"featured_media":715804,"comment_status":"open","ping_status":"open","sticky":false,"template":"","format":"standard","meta":{"_acf_changed":false,"_display_image":"","footnotes":""},"categories":[1098],"tags":[1326,1207,1076],"class_list":["post-715803","post","type-post","status-publish","format-standard","has-post-thumbnail","hentry","category-gesellschaft","tag-gericht","tag-medien","tag-ungarn"],"blocksy_meta":[],"acf":[],"author_username":"alk","telegram_post":"","public_post_metadata":{"breaking_news":"","important":"","csempe":"","center_tile":"","disable_thumbnail":"","target_lang":"","_featured_image_style":"","telegram_post":"","_xlat_group_id":""},"public_rank_math_data":{"title":"%title% %sep% %sitename%","description":"","focus_keyword":"","canonical_url":"","robots":"","primary_category":"1098","breadcrumb_title":"","facebook_title":"","facebook_description":"","facebook_image":"","facebook_image_id":"","twitter_title":"","twitter_description":"","twitter_image":"","twitter_image_id":"","twitter_card_type":"","twitter_use_facebook":"","advanced_robots":"","pillar_content":"","seo_score":"","contentai_score":"","rich_snippet":""},"_links":{"self":[{"href":"https:\/\/dailynewshungary.com\/de\/wp-json\/wp\/v2\/posts\/715803","targetHints":{"allow":["GET"]}}],"collection":[{"href":"https:\/\/dailynewshungary.com\/de\/wp-json\/wp\/v2\/posts"}],"about":[{"href":"https:\/\/dailynewshungary.com\/de\/wp-json\/wp\/v2\/types\/post"}],"author":[{"embeddable":true,"href":"https:\/\/dailynewshungary.com\/de\/wp-json\/wp\/v2\/users\/2"}],"replies":[{"embeddable":true,"href":"https:\/\/dailynewshungary.com\/de\/wp-json\/wp\/v2\/comments?post=715803"}],"version-history":[{"count":0,"href":"https:\/\/dailynewshungary.com\/de\/wp-json\/wp\/v2\/posts\/715803\/revisions"}],"wp:featuredmedia":[{"embeddable":true,"href":"https:\/\/dailynewshungary.com\/de\/wp-json\/wp\/v2\/media\/715804"}],"wp:attachment":[{"href":"https:\/\/dailynewshungary.com\/de\/wp-json\/wp\/v2\/media?parent=715803"}],"wp:term":[{"taxonomy":"category","embeddable":true,"href":"https:\/\/dailynewshungary.com\/de\/wp-json\/wp\/v2\/categories?post=715803"},{"taxonomy":"post_tag","embeddable":true,"href":"https:\/\/dailynewshungary.com\/de\/wp-json\/wp\/v2\/tags?post=715803"}],"curies":[{"name":"wp","href":"https:\/\/api.w.org\/{rel}","templated":true}]}}