{"id":716004,"date":"2020-10-06T16:00:00","date_gmt":"2020-10-06T14:00:00","guid":{"rendered":"https:\/\/dailynewshungary.com\/de\/budas-bem-platz-soll-restauriert-und-modernisiert-werden\/"},"modified":"2020-10-06T16:00:00","modified_gmt":"2020-10-06T14:00:00","slug":"budas-bem-platz-soll-restauriert-und-modernisiert-werden","status":"publish","type":"post","link":"https:\/\/dailynewshungary.com\/de\/budas-bem-platz-soll-restauriert-und-modernisiert-werden\/","title":{"rendered":"Budas Bem-Platz soll restauriert und modernisiert werden"},"content":{"rendered":"<p><strong>Die Fassade des Geb\u00e4udes am Bem-Platz ist f\u00fcr das Stadtbild von gro\u00dfer Bedeutung und wird nun mit einigen Aktualisierungen endlich in seinem fr\u00fcheren Glanz wiederhergestellt.&nbsp;<\/strong><\/p>\n<p>Trotz neuerer Ger\u00fcchte, dass die Hauptfassade des Bem-Platzes, die Radetzky-Kaserne, abgerissen werden soll, wird sie tats\u00e4chlich renoviert und ihre wesentlichen Merkmale werden im Rahmen eines gro\u00df angelegten Bebauungsplans erhalten bleiben. Die urspr\u00fcnglichen dekorativen Elemente der Hauptfassade werden ebenfalls restauriert, die im Zweiten Weltkrieg besch\u00e4digt wurden. Die Pl\u00e4ne wurden von der mehrfach mit dem Ybl Award ausgezeichneten Architektenfirma 3h Architects erstellt und entworfen, berichtete <a href=\"https:\/\/www.octogon.hu\/epiteszet\/a-radetzky-laktanya-megmentese\/\" target=\"_blank\" rel=\"noopener noreferrer\">Oktogon<\/a>.<\/p>\n<p>Die Radetzky-Kaserne wurde 1840 als Lebensmitteldepot im klassizistischen Stil erbaut und 1897 in eine Kaserne umgewandelt. Ein Teil des Geb\u00e4udes wurde in den letzten Jahren abgerissen, und es gab einen Plan, der vorsah, dass das gesamte Geb\u00e4ude abgerissen wurde bis auf die artefaktartige Fassade bis auf den Boden.<\/p>\n<figure id=\"attachment_353855\" aria-describedby=\"caption-attachment-353855\" style=\"width: 1024px\" class=\"wp-caption aligncenter\"><img loading=\"lazy\" decoding=\"async\" class=\"size-full wp-image-353855\" src=\"https:\/\/contentf5.dailynewshungary.com\/wp-content\/uploads\/2020\/10\/radetzky-laktanya-old.jpg\" alt=\"Radetzky Laktanya alt\" width=\"1024\" height=\"678\" srcset=\"https:\/\/contentf5.dailynewshungary.com\/wp-content\/uploads\/2020\/10\/radetzky-laktanya-old.jpg 1024w, https:\/\/contentf5.dailynewshungary.com\/wp-content\/uploads\/2020\/10\/radetzky-laktanya-old-768x509.jpg 768w, https:\/\/contentf5.dailynewshungary.com\/wp-content\/uploads\/2020\/10\/radetzky-laktanya-old-800x530.jpg 800w\" sizes=\"auto, (max-width: 1024px) 100vw, 1024px\"><figcaption id=\"caption-attachment-353855\" class=\"wp-caption-text\">Radetzky-Kaserne im Jahr 1959, Foto: Wikimedia Commons<\/figcaption><\/figure>\n<p>&nbsp;F\u00fcr die Renovierung beantragten Investoren ein Architektenb\u00fcro, das \u00fcber umfangreiche Erfahrung in der Denkmalrenovierung verf\u00fcgte, dem Geb\u00e4ude aber auch neues Leben einhauchen und es zusammen mit seiner Umgebung wiederbeleben w\u00fcrde, indem es UNESCO-Kriterien folgte und sich mit den Beh\u00f6rden beriet.<\/p>\n<blockquote>\n<p>\u201cEs ist ein bedeutender Ort und Bau im Leben der Stadt Alle Eingeschlossenen haben diese Verantwortung gesp\u00fcrt, so haben wir uns in den letzten anderthalb Jahren nicht beeilt, wir haben sorgf\u00e4ltige und flei\u00dfige Vorarbeiten geleistet, wir haben uns bei zahlreichen Gelegenheiten mit den zust\u00e4ndigen Beh\u00f6rden beraten, mit ehemaligen und aktuellen Vertretern des 2. Bezirks und der Hauptstadt, sowohl Chefarchitekten als auch B\u00fcrgermeister, wurden\u201d Mih\u00e1ly Schrancz, Gesch\u00e4ftsf\u00fchrer des Immobilienmarktes erkl\u00e4rte \u201cDie schrittweise Einbeziehung der offiziellen und F\u00fchrungsw\u00fcnsche, die w\u00e4hrend dieser Gespr\u00e4che gestellt wurden, sowie die hilfreichen st\u00e4dtebaulichen und monumentalen Fachbemerkungen wurden in unsere Pl\u00e4ne aufgenommen, auf der Grundlage der unbrauchbaren R\u00fcckmeldungen der beteiligten Personen wurden die vergangenen L\u00f6sungen entwickelt Wir freuen uns dar\u00fcber, dass die vorbereiteten Pl\u00e4ne auch die Geb\u00e4udeplanung erhalten werden, dass wir nicht erhalten werden, dass wir die Grundeigentliche Geb\u00e4ude und die Grundausstattung erhalten haben, dass wir nicht erhalten werden.<\/p>\n<\/blockquote>\n<p>Die Kaserne wird abgerissen, die Hauptfassade wird jedoch gerettet und in ihrem fr\u00fcheren Glanz wiederhergestellt. Der Bau wird im Oktober beginnen.<\/p>\n<figure id=\"attachment_353854\" aria-describedby=\"caption-attachment-353854\" style=\"width: 800px\" class=\"wp-caption aligncenter\"><img loading=\"lazy\" decoding=\"async\" class=\"size-full wp-image-353854\" src=\"https:\/\/contentf5.dailynewshungary.com\/wp-content\/uploads\/2020\/10\/radetzky-laktanya-2019.jpg\" alt=\"radetzky laktanya 2019\" width=\"800\" height=\"826\" srcset=\"https:\/\/contentf5.dailynewshungary.com\/wp-content\/uploads\/2020\/10\/radetzky-laktanya-2019.jpg 800w, https:\/\/contentf5.dailynewshungary.com\/wp-content\/uploads\/2020\/10\/radetzky-laktanya-2019-768x793.jpg 768w\" sizes=\"auto, (max-width: 800px) 100vw, 800px\"><figcaption id=\"caption-attachment-353854\" class=\"wp-caption-text\">Radetzky-Kaserne im Jahr 2019, Foto: Wikimedia Commons<\/figcaption><\/figure>\n<p>Hoffentlich wird auch der Transport des Gebietes geregelt Neben dem r<span style=\"font-size: inherit; letter-spacing: inherit;\">Auch die Fassade der Kaserne, der Bem-Platz vor dem Geb\u00e4ude, soll renoviert werden.&nbsp;<\/span><\/p>\n<p>3 h Architektenb\u00fcro hat viele Aspekte bewertet und ber\u00fccksichtigt, wie die H\u00f6he der umliegenden Geb\u00e4ude, die richtige Anordnung des Geb\u00e4udes \u2013 im Einvernehmen mit dem Bezirk \u2013 und die angemessene Gestaltung der Simsh\u00f6he, die die Stra\u00dfenansicht sehr definiert Dass das Geb\u00e4ude, insbesondere seine Fassade, die Atmosph\u00e4re des Bem-Platzes stark definiert, war ein vorrangiger Gesichtspunkt im Entwurfsprozess. Das restaurierte und renovierte w\u00fcrde auch weiterhin dasselbe tun.<\/p>\n<figure id=\"attachment_353918\" aria-describedby=\"caption-attachment-353918\" style=\"width: 600px\" class=\"wp-caption aligncenter\"><img loading=\"lazy\" decoding=\"async\" class=\"size-full wp-image-353918\" src=\"https:\/\/contentf5.dailynewshungary.com\/wp-content\/uploads\/2020\/10\/radetzky-visual-plans-3h.jpg\" alt=\"Radetzky Sichtpl\u00e4ne 3h\" width=\"600\" height=\"450\" srcset=\"https:\/\/contentf5.dailynewshungary.com\/wp-content\/uploads\/2020\/10\/radetzky-visual-plans-3h.jpg 600w, https:\/\/contentf5.dailynewshungary.com\/wp-content\/uploads\/2020\/10\/radetzky-visual-plans-3h-300x225.jpg 300w\" sizes=\"auto, (max-width: 600px) 100vw, 600px\"><figcaption id=\"caption-attachment-353918\" class=\"wp-caption-text\">Foto: 3h Architekten<\/figcaption><\/figure>\n<p>Die Geb\u00e4udeteile, die zur Donau und zum Park hin liegen, und daher viel frequentiert werden, werden in ein Hotel mit ca. 130 Zimmern verwandelt, hinter dem Hotel wird ein B\u00fcro entstehen, es werden im Wesentlichen zwei Geb\u00e4ude entstehen, die \u00fcber ihre oberen Ebenen verbunden werden, die Unterseite des Geb\u00e4udes wird aus Kalkstein bestehen, w\u00e4hrend die Oberseite verglast wird.<\/p>\n<blockquote>\n<p>Chefdesignerin von 3 h Architects, Katalin Csillag erl\u00e4uterte die \u00e4sthetischen und pragmatischen Gr\u00fcnde \u201cWer diesen Weg gegangen ist, auch wenn dieser Geb\u00e4udeteil in einem besseren Zustand war, h\u00e4tte vielleicht den Eindruck gehabt, dass das Geb\u00e4ude sie absto\u00dfteEs ist kein offenes, inklusives Geb\u00e4ude; es ist eine Inklusion, zu der niemand hin will Im Kern hat diese Architektur, die Architektur der Kaserne, so mitgebracht\u201d<\/p>\n<\/blockquote>\n<p>Eine ihrer Absichten war es, ein attraktiveres und einladenderes Geb\u00e4ude zu entwerfen, das erste Stockwerk des heutigen Geb\u00e4udes ist ein Zwischengeschoss, dem eine Br\u00fcstungsh\u00f6he folgt, wodurch die Fenster\u00f6ffnungen ungew\u00f6hnlich hoch werden.<\/p>\n<blockquote>\n<p>\u201cWir haben die Fassade des Geb\u00e4udes viel untersucht Unser Ziel ist es, die vorhandenen Werte maximal zu halten, aber wir werden auch eine \u00d6ffnung schaffen, die vermutlich auch f\u00fcr die Stadtbewohner wichtig ist Schlie\u00dflich haben wir beschlossen, die urspr\u00fcngliche Architektur am mittleren Risalit zu belassen, was auch bedeutet, die urspr\u00fcnglich vorhandenen, aber nach dem Krieg nicht restaurierten Ornamente wiederherzustellen, mit anderen Worten, die Fassade wird tats\u00e4chlich im Originalzustand erneuert, w\u00e4hrend die von uns geplante Er\u00f6ffnung an den beiden Seitenfl\u00fcgeln stattfinden w\u00fcrde, wo Gemeinschaftsfunktionen platziert werden und wo jeder eintreten kann. Dies w\u00fcrde den Bem-Platz zu einem sch\u00f6nen und attraktiven Punkt machen\u201d Katalin Csillag detailliert.<\/p>\n<\/blockquote>\n<p>Neben der Erhaltung der Fassade mit Blick auf den Bem-Platz wird der Rest des Projekts aus Neubauten bestehen, da die Fassade der einzige Teil des Geb\u00e4udes ist, der einen architekturhistorischen Wert hat.<\/p>\n<p>Der Ort, an dem das Geb\u00e4ude errichtet wurde, diente w\u00e4hrend der R\u00f6merzeit als Milit\u00e4rlager, so dass mit der Entdeckung r\u00f6mischer Relikte zu rechnen ist Bevor also mit dem Bau einer dreist\u00f6ckigen Tiefgarage begonnen werden konnte, wird es eine arch\u00e4ologische Ausgrabung geben.<\/p>\n<blockquote>\n<p>\u201cMarket Zrt., der den Bau durchf\u00fchrt, \u00fcber viele Referenzen und Erfahrungen in der Geb\u00e4udesanierung und &#8211; bauweise in monumentalen und Innenstadtumgebungen verf\u00fcgt und mehrere nationale und internationale Preise gewonnen hat Die Bauhaltung des Klotild-Palastes, des Pariser Hofes oder der Modesaal auf Andr\u00e1ssy-Art halte ich f\u00fcr vorbildlich, ich denke, dass die Sanierung des Bem-Platz-Geb\u00e4udes in den richtigen H\u00e4nden sein wird\u201d<\/p>\n<\/blockquote>\n<p>Zwischen den Stra\u00dfen Kand\u00f3 K\u00e1lm\u00e1n und Henger wird mit dieser neuen Bebauung ein teilweise \u00fcberdachter Durchgang gebaut und auch der Verkehr reguliert, so dass der Ort w<span style=\"font-size: inherit; letter-spacing: inherit;\">Ich bin sch\u00f6ner, aber dennoch n\u00fctzlich.<\/span><\/p>\n<blockquote>\n<p>\u201cDas sind nicht die sch\u00f6nsten Denkmalbauten Budapests, aber es hat einen lokalen Wert, den man sehr schade verlieren w\u00fcrde, daher ist die Erhaltung der Fassade \u00e4u\u00dferst wichtig\u201d Katalin Csillag f\u00fcgt hinzu \u201cDie alte Fassade wird erhalten bleiben, und die Dekorationen werden restauriert, aber architektonisch wird eine viel offenere Situation entstehen, und auch der alte Bau wird auf dem Platz etwas offener erscheinen, bei maximaler Einhaltung der Passformregeln\u201d<\/p>\n<\/blockquote>\n","protected":false},"excerpt":{"rendered":"<p>Die Fassade des Geb\u00e4udes am Bem-Platz ist f\u00fcr das Stadtbild von gro\u00dfer Bedeutung und wird nun mit einigen Aktualisierungen endlich in seinem fr\u00fcheren Glanz wiederhergestellt.&nbsp; Trotz neuerer Ger\u00fcchte, dass die Hauptfassade des Bem-Platzes, die Radetzky-Kaserne, abgerissen werden soll, wird sie tats\u00e4chlich renoviert und ihre wesentlichen Merkmale werden im Rahmen eines gro\u00df angelegten Bebauungsplans erhalten bleiben. [&hellip;]<\/p>\n","protected":false},"author":36,"featured_media":716005,"comment_status":"open","ping_status":"open","sticky":false,"template":"","format":"standard","meta":{"_acf_changed":false,"_display_image":"","footnotes":""},"categories":[1098],"tags":[1240,1307,1111,1076],"class_list":["post-716004","post","type-post","status-publish","format-standard","has-post-thumbnail","hentry","category-gesellschaft","tag-architektur","tag-bauwesen","tag-budapest","tag-ungarn"],"blocksy_meta":[],"acf":[],"author_username":"kata","telegram_post":"","public_post_metadata":{"breaking_news":"","important":"","csempe":"","center_tile":"","disable_thumbnail":"","target_lang":"","_featured_image_style":"","telegram_post":"","_xlat_group_id":""},"public_rank_math_data":{"title":"%title% %sep% %sitename%","description":"","focus_keyword":"","canonical_url":"","robots":"","primary_category":"1098","breadcrumb_title":"","facebook_title":"","facebook_description":"","facebook_image":"","facebook_image_id":"","twitter_title":"","twitter_description":"","twitter_image":"","twitter_image_id":"","twitter_card_type":"","twitter_use_facebook":"","advanced_robots":"","pillar_content":"","seo_score":"","contentai_score":"","rich_snippet":""},"_links":{"self":[{"href":"https:\/\/dailynewshungary.com\/de\/wp-json\/wp\/v2\/posts\/716004","targetHints":{"allow":["GET"]}}],"collection":[{"href":"https:\/\/dailynewshungary.com\/de\/wp-json\/wp\/v2\/posts"}],"about":[{"href":"https:\/\/dailynewshungary.com\/de\/wp-json\/wp\/v2\/types\/post"}],"author":[{"embeddable":true,"href":"https:\/\/dailynewshungary.com\/de\/wp-json\/wp\/v2\/users\/36"}],"replies":[{"embeddable":true,"href":"https:\/\/dailynewshungary.com\/de\/wp-json\/wp\/v2\/comments?post=716004"}],"version-history":[{"count":0,"href":"https:\/\/dailynewshungary.com\/de\/wp-json\/wp\/v2\/posts\/716004\/revisions"}],"wp:featuredmedia":[{"embeddable":true,"href":"https:\/\/dailynewshungary.com\/de\/wp-json\/wp\/v2\/media\/716005"}],"wp:attachment":[{"href":"https:\/\/dailynewshungary.com\/de\/wp-json\/wp\/v2\/media?parent=716004"}],"wp:term":[{"taxonomy":"category","embeddable":true,"href":"https:\/\/dailynewshungary.com\/de\/wp-json\/wp\/v2\/categories?post=716004"},{"taxonomy":"post_tag","embeddable":true,"href":"https:\/\/dailynewshungary.com\/de\/wp-json\/wp\/v2\/tags?post=716004"}],"curies":[{"name":"wp","href":"https:\/\/api.w.org\/{rel}","templated":true}]}}