{"id":716417,"date":"2020-09-24T12:35:00","date_gmt":"2020-09-24T10:35:00","guid":{"rendered":"https:\/\/dailynewshungary.com\/de\/schrecklich-aggressive-fahrgaste-verstos-gegen-die-maskenpflicht-in-ungarischen-zugen\/"},"modified":"2020-09-24T12:35:00","modified_gmt":"2020-09-24T10:35:00","slug":"schrecklich-aggressive-fahrgaste-verstos-gegen-die-maskenpflicht-in-ungarischen-zugen","status":"publish","type":"post","link":"https:\/\/dailynewshungary.com\/de\/schrecklich-aggressive-fahrgaste-verstos-gegen-die-maskenpflicht-in-ungarischen-zugen\/","title":{"rendered":"Schrecklich! aggressive Fahrg\u00e4ste, Versto\u00df gegen die Maskenpflicht in ungarischen Z\u00fcgen"},"content":{"rendered":"<p><strong>Ein Versto\u00df gegen die Masken-Tragregeln in ungarischen Z\u00fcgen verursachte in der vergangenen Woche insgesamt 172 Minuten Versp\u00e4tung, in einigen F\u00e4llen war aufgrund der Aggression der Fahrg\u00e4ste ein polizeiliches Vorgehen notwendig.&nbsp;<\/strong><\/p>\n<p>Nach Angaben der Ungarischen Staatsbahnen (M\u00c1V) mussten Fahrkartenkontrolleure, obwohl in Z\u00fcgen Maskenpflicht besteht, in 10 F\u00e4llen t\u00e4tig werden, weil einige Fahrg\u00e4ste in der vergangenen Woche keine Schutzausr\u00fcstung trugenDie Nachl\u00e4ssigkeit einiger Fahrg\u00e4ste verursachte starke Versp\u00e4tungen auf den Linien.<\/p>\n<blockquote class=\"wp-block-quote is-layout-flow wp-block-quote-is-layout-flow\">\n<p>Dar\u00fcber hinaus kam es in einigen F\u00e4llen auch zu Aggressionen.<\/p>\n<\/blockquote>\n<p>In einem Zug am Plattensee schlug ein Fahrgast, der w\u00e4hrend seiner Fahrt zur Maske ermahnt worden war, den Oberkartenkontrolleur an, nach dem Vorfall hatte der Fahrkartenkontrolleur so schwere Verletzungen, dass er \u00e4rztliche Hilfe ben\u00f6tigte; es wurde polizeilich vorgegangen, die Bahngesellschaft erhob Anklage gegen den T\u00e4ter, des Weiteren verursachte der Fall viele Versp\u00e4tungen auf der Strecke.<\/p>\n<p>Als ungarisches Nachrichtenportal <em><a href=\"https:\/\/24.hu\/belfold\/2020\/09\/22\/maszkhasznalat-mav-figyelmeztetes-kesesek\/\" target=\"_blank\" rel=\"noopener noreferrer\">24.hu<\/a><\/em> Berichte \u2013<\/p>\n<blockquote class=\"wp-block-quote is-layout-flow wp-block-quote-is-layout-flow\">\n<p>Diese F\u00e4lle verdeutlichen, dass jeder, der sich nicht an die Vorschriften h\u00e4lt, neben der Gef\u00e4hrdung der Gesundheit von sich selbst\/ihr und anderen auch unn\u00f6tige Bel\u00e4stigungen f\u00fcr die Passagiere verursacht.<\/p>\n<\/blockquote>\n<p>Aufgrund des am 18. September erlassenen Regierungserlasses ist das Tragen einer Maske nicht nur in Z\u00fcgen, sondern auch am Bahnhof oder Haltepunkt oder in jedem Raum, in dem der Fahrgast vor oder nach dem Start wartet, einschlie\u00dflich des Warteraums, Pflicht. die Unterf\u00fchrung, die geschlossene \u00dcberf\u00fchrung, die Kassenhalle und die Gleishalle.<\/p>\n<blockquote class=\"wp-block-quote is-layout-flow wp-block-quote-is-layout-flow\">\n<p>Die Verwendung der Maske ist in den oben genannten Bereichen \u00fcberall Pflicht.<\/p>\n<\/blockquote>\n<p>Die Eisenbahngesellschaft schlie\u00dft jeden Fahrgast von der Fahrt aus, der keine Maske tr\u00e4gt, die Nase und Mund in der von der Verordnung vorgeschriebenen Weise bedeckt Die Verordnung gilt f\u00fcr alle au\u00dfer f\u00fcr Kinder unter sechs Jahren M\u00c1V empfiehlt, Masken an offenen \u00dcberf\u00fchrungen sowie zum Schutz der Gesundheit sowohl ihrer selbst als auch ihrer Fahrg\u00e4ste zu tragen.<\/p>\n<p><strong>Lesen Sie auch:<\/strong><\/p>\n<ul class=\"wp-block-list\">\n<li><strong><a href=\"https:\/\/dailynewshungary.com\/de\/coronavirus-in-ungarn-strengere-regeln-treten-heute-in-kraft\/\" target=\"_blank\" rel=\"noopener noreferrer\">Coronavirus in Ungarn \u2013 Strengere Regeln treten heute in Kraft!<\/a><\/strong><\/li>\n<li><strong><a href=\"https:\/\/dailynewshungary.com\/de\/in-budapest-und-miskolc-wurden-beschrankungen-fur-das-tragen-von-masken-eingefuhrt\/\" target=\"_blank\" rel=\"noopener noreferrer\">In Budapest und Miskolc wurden Beschr\u00e4nkungen f\u00fcr das Tragen von Masken eingef\u00fchrt<\/a><\/strong><\/li>\n<\/ul>\n","protected":false},"excerpt":{"rendered":"<p>Ein Versto\u00df gegen die Masken-Tragregeln in ungarischen Z\u00fcgen verursachte in der vergangenen Woche insgesamt 172 Minuten Versp\u00e4tung, in einigen F\u00e4llen war aufgrund der Aggression der Fahrg\u00e4ste ein polizeiliches Vorgehen notwendig.&nbsp; Nach Angaben der Ungarischen Staatsbahnen (M\u00c1V) mussten Fahrkartenkontrolleure, obwohl in Z\u00fcgen Maskenpflicht besteht, in 10 F\u00e4llen t\u00e4tig werden, weil einige Fahrg\u00e4ste in der vergangenen Woche [&hellip;]<\/p>\n","protected":false},"author":37,"featured_media":716418,"comment_status":"open","ping_status":"open","sticky":false,"template":"","format":"standard","meta":{"_acf_changed":false,"_display_image":"","footnotes":""},"categories":[1098],"tags":[1778,1076,1148],"class_list":["post-716417","post","type-post","status-publish","format-standard","has-post-thumbnail","hentry","category-gesellschaft","tag-coronavirus-in-ungarn","tag-ungarn","tag-zug"],"blocksy_meta":[],"acf":[],"author_username":"T. Kitti","telegram_post":"","public_post_metadata":{"breaking_news":"","important":"","csempe":"","center_tile":"","disable_thumbnail":"","target_lang":"","_featured_image_style":"","telegram_post":"","_xlat_group_id":""},"public_rank_math_data":{"title":"%title% %sep% %sitename%","description":"","focus_keyword":"","canonical_url":"","robots":"","primary_category":"1098","breadcrumb_title":"","facebook_title":"","facebook_description":"","facebook_image":"","facebook_image_id":"","twitter_title":"","twitter_description":"","twitter_image":"","twitter_image_id":"","twitter_card_type":"","twitter_use_facebook":"","advanced_robots":"","pillar_content":"","seo_score":"","contentai_score":"","rich_snippet":""},"_links":{"self":[{"href":"https:\/\/dailynewshungary.com\/de\/wp-json\/wp\/v2\/posts\/716417","targetHints":{"allow":["GET"]}}],"collection":[{"href":"https:\/\/dailynewshungary.com\/de\/wp-json\/wp\/v2\/posts"}],"about":[{"href":"https:\/\/dailynewshungary.com\/de\/wp-json\/wp\/v2\/types\/post"}],"author":[{"embeddable":true,"href":"https:\/\/dailynewshungary.com\/de\/wp-json\/wp\/v2\/users\/37"}],"replies":[{"embeddable":true,"href":"https:\/\/dailynewshungary.com\/de\/wp-json\/wp\/v2\/comments?post=716417"}],"version-history":[{"count":0,"href":"https:\/\/dailynewshungary.com\/de\/wp-json\/wp\/v2\/posts\/716417\/revisions"}],"wp:featuredmedia":[{"embeddable":true,"href":"https:\/\/dailynewshungary.com\/de\/wp-json\/wp\/v2\/media\/716418"}],"wp:attachment":[{"href":"https:\/\/dailynewshungary.com\/de\/wp-json\/wp\/v2\/media?parent=716417"}],"wp:term":[{"taxonomy":"category","embeddable":true,"href":"https:\/\/dailynewshungary.com\/de\/wp-json\/wp\/v2\/categories?post=716417"},{"taxonomy":"post_tag","embeddable":true,"href":"https:\/\/dailynewshungary.com\/de\/wp-json\/wp\/v2\/tags?post=716417"}],"curies":[{"name":"wp","href":"https:\/\/api.w.org\/{rel}","templated":true}]}}