{"id":716684,"date":"2020-09-16T17:00:00","date_gmt":"2020-09-16T15:00:00","guid":{"rendered":"https:\/\/dailynewshungary.com\/de\/uber-zwei-funftel-der-ungarn-geben-an-dass-es-dem-rechnungsprufungsamt-an-unabhangigkeit-mangelt-umfrage\/"},"modified":"2020-09-16T17:00:00","modified_gmt":"2020-09-16T15:00:00","slug":"uber-zwei-funftel-der-ungarn-geben-an-dass-es-dem-rechnungsprufungsamt-an-unabhangigkeit-mangelt-umfrage","status":"publish","type":"post","link":"https:\/\/dailynewshungary.com\/de\/uber-zwei-funftel-der-ungarn-geben-an-dass-es-dem-rechnungsprufungsamt-an-unabhangigkeit-mangelt-umfrage\/","title":{"rendered":"\u00dcber zwei F\u00fcnftel der Ungarn geben an, dass es dem Rechnungspr\u00fcfungsamt an Unabh\u00e4ngigkeit mangelt (Umfrage"},"content":{"rendered":"<p><strong>Eine Umfrage im Auftrag der oppositionellen Ungarischen Liberalen Partei hat ergeben, dass 44 Prozent der Ungarn nicht von der Unabh\u00e4ngigkeit des Staatsrechnungshofs \u00fcberzeugt sind.<\/strong><\/p>\n<p>Das sagte der liberale Politiker \u00c1d\u00e1m Sermer am Mittwoch auf einer Pressekonferenz<\/p>\n<blockquote>\n<p>Die Umfrage des Marktforschers Z\u00e1vecz ergab, dass nur 24 Prozent die Institution f\u00fcr unabh\u00e4ngig hielten, w\u00e4hrend 32 Prozent keine Meinung zu diesem Thema hatten.<\/p>\n<\/blockquote>\n<p>Einundsiebzig Prozent der Oppositionsw\u00e4hler hielten die Institution nicht f\u00fcr unabh\u00e4ngig, und selbst 20 Prozent der Fidesz-W\u00e4hler vertraten diese Meinung, sagte er.<\/p>\n<p>Sermer warf dem Staatspr\u00fcfer vor, \u201cein Hauptpfeiler\u201d der Herrschaft von Ministerpr\u00e4sident Viktor Orb\u00e1n und eine Waffe gegen seine Gegner zu seinEr sagte, es sei kein Zufall, dass der Kopf des K\u00f6rpers, L\u00e1szl\u00f3 Domokos, ein ehemaliger Fidesz-Abgeordneter sei.<\/p>\n<p>Sprecher f\u00fcr die <a href=\"https:\/\/dailynewshungary.com\/de\/der-grose-britische-zuguberfall-wie-eine-15-kopfige-bande-1963-26-millionen-pfund-stahl\/\" target=\"_blank\" rel=\"noopener noreferrer\">Landesrechnungshof<\/a> B\u00e1lint Horv\u00e1th antwortete, dass das Gremium unabh\u00e4ngig von der Parteipolitik und im Einklang mit den gesetzlichen Anforderungen des Landes agiere.<\/p>\n<blockquote>\n<p>Er sagte, es sei nicht das erste Mal gewesen, dass die Liberale Partei versucht habe, \u201ceine unabh\u00e4ngige Pr\u00fcfung zu beeinflussen\u201d mit politischen Mitteln, und f\u00fcgte hinzu, dass die Aktivit\u00e4ten der Partei in den Jahren 2017-2018 noch untersucht w\u00fcrden.<\/p>\n<\/blockquote>\n","protected":false},"excerpt":{"rendered":"<p>Eine Umfrage im Auftrag der oppositionellen Ungarischen Liberalen Partei hat ergeben, dass 44 Prozent der Ungarn nicht von der Unabh\u00e4ngigkeit des Staatsrechnungshofs \u00fcberzeugt sind. Das sagte der liberale Politiker \u00c1d\u00e1m Sermer am Mittwoch auf einer Pressekonferenz Die Umfrage des Marktforschers Z\u00e1vecz ergab, dass nur 24 Prozent die Institution f\u00fcr unabh\u00e4ngig hielten, w\u00e4hrend 32 Prozent keine [&hellip;]<\/p>\n","protected":false},"author":2,"featured_media":716685,"comment_status":"open","ping_status":"open","sticky":false,"template":"","format":"standard","meta":{"_acf_changed":false,"_display_image":"","footnotes":""},"categories":[1081],"tags":[2366,3791,1139,1076],"class_list":["post-716684","post","type-post","status-publish","format-standard","has-post-thumbnail","hentry","category-politik","tag-landesrechnungshof","tag-liberale","tag-umfrage","tag-ungarn"],"blocksy_meta":[],"acf":[],"author_username":"alk","telegram_post":"","public_post_metadata":{"breaking_news":"","important":"","csempe":"","center_tile":"","disable_thumbnail":"","target_lang":"","_featured_image_style":"","telegram_post":"","_xlat_group_id":""},"public_rank_math_data":{"title":"%title% %sep% %sitename%","description":"","focus_keyword":"","canonical_url":"","robots":"","primary_category":"1081","breadcrumb_title":"","facebook_title":"","facebook_description":"","facebook_image":"","facebook_image_id":"","twitter_title":"","twitter_description":"","twitter_image":"","twitter_image_id":"","twitter_card_type":"","twitter_use_facebook":"","advanced_robots":"","pillar_content":"","seo_score":"","contentai_score":"","rich_snippet":""},"_links":{"self":[{"href":"https:\/\/dailynewshungary.com\/de\/wp-json\/wp\/v2\/posts\/716684","targetHints":{"allow":["GET"]}}],"collection":[{"href":"https:\/\/dailynewshungary.com\/de\/wp-json\/wp\/v2\/posts"}],"about":[{"href":"https:\/\/dailynewshungary.com\/de\/wp-json\/wp\/v2\/types\/post"}],"author":[{"embeddable":true,"href":"https:\/\/dailynewshungary.com\/de\/wp-json\/wp\/v2\/users\/2"}],"replies":[{"embeddable":true,"href":"https:\/\/dailynewshungary.com\/de\/wp-json\/wp\/v2\/comments?post=716684"}],"version-history":[{"count":0,"href":"https:\/\/dailynewshungary.com\/de\/wp-json\/wp\/v2\/posts\/716684\/revisions"}],"wp:featuredmedia":[{"embeddable":true,"href":"https:\/\/dailynewshungary.com\/de\/wp-json\/wp\/v2\/media\/716685"}],"wp:attachment":[{"href":"https:\/\/dailynewshungary.com\/de\/wp-json\/wp\/v2\/media?parent=716684"}],"wp:term":[{"taxonomy":"category","embeddable":true,"href":"https:\/\/dailynewshungary.com\/de\/wp-json\/wp\/v2\/categories?post=716684"},{"taxonomy":"post_tag","embeddable":true,"href":"https:\/\/dailynewshungary.com\/de\/wp-json\/wp\/v2\/tags?post=716684"}],"curies":[{"name":"wp","href":"https:\/\/api.w.org\/{rel}","templated":true}]}}