{"id":717506,"date":"2020-08-24T14:00:00","date_gmt":"2020-08-24T12:00:00","guid":{"rendered":"https:\/\/dailynewshungary.com\/de\/die-regierung-markiert-den-gedenktag-der-opfer-totalitarer-regime\/"},"modified":"2020-08-24T14:00:00","modified_gmt":"2020-08-24T12:00:00","slug":"die-regierung-markiert-den-gedenktag-der-opfer-totalitarer-regime","status":"publish","type":"post","link":"https:\/\/dailynewshungary.com\/de\/die-regierung-markiert-den-gedenktag-der-opfer-totalitarer-regime\/","title":{"rendered":"Die Regierung markiert den Gedenktag der Opfer totalit\u00e4rer Regime"},"content":{"rendered":"<p><strong>Bei einer Veranstaltung anl\u00e4sslich des Black Ribbon Day, dem europ\u00e4ischen Gedenktag zum Gedenken an die Opfer totalit\u00e4rer Regime, sagte ein Regierungsbeamter, es sei \u201cunsere Pflicht\u201d, \u201cdie S\u00fcnden des 20. Jahrhunderts f\u00fcr j\u00fcngere Generationen aufzudecken und sicherzustellen, dass sie sich nie wiederholen\u201d.<\/strong><\/p>\n<p>Der stellvertretende Staatssekret\u00e4r Vince Szalay-Bobrovniczky sagte am Sonntag in Budapest, dass die Veranstaltung zum Gedenken an die Opfer des Nationalsozialismus und des Kommunismus abgehalten werde. Beide Regime h\u00e4tten \u201eviele Gemeinschaften in Europa zerst\u00f6rt, indem sie Gruppen von Menschen kollektiv stigmatisiert und eine neue herrschende Elite geschaffen haben, die dann die Kunst der Denunziation perfektioniert und die gesamte Gesellschaft kontrolliert\u201c\u201d.<\/p>\n<blockquote>\n<p><span style=\"color: #0000ff;\">Dieser Tag erinnert an diejenigen, die Diktaturen \u00fcberlebt haben <\/span><\/p>\n<\/blockquote>\n<p>Mit tiefen psychischen Wunden sowie solchen, die aufgrund ihrer Rasse, Religion oder politischen Einstellung get\u00f6tet wurden, sagte er.<\/p>\n<p>\u201eWir k\u00f6nnen die Millionen Juden nicht vergessen, die unter der Herrschaft einer verr\u00fcckten Ideologie im Weltkrieg get\u00f6tet wurden.\u201c2 &#8230; noch das Leid, das der Kommunismus den mittel- und osteurop\u00e4ischen L\u00e4ndern zugef\u00fcgt hat, indem er Diskriminierung, Folter und Mord legal und zum Alltag gemacht hat.\u201d<\/p>\n<ul>\n<li><a href=\"https:\/\/dailynewshungary.com\/de\/die-regierung-feiert-den-30-jahrestag-des-ersten-freien-parlaments-nach-dem-kommunismus\/\">Die Regierung feiert den 30. Jahrestag des ersten freien Parlaments nach dem Kommunismus<\/a><\/li>\n<li><a href=\"https:\/\/dailynewshungary.com\/news_to_go\/victims-of-communism-remembered-at-monument-of-national-martyrs\/\">Opfer des Kommunismus, der am Denkmal der nationalen M\u00e4rtyrer gedacht wird<\/a><\/li>\n<li><a href=\"https:\/\/dailynewshungary.com\/de\/tag-der-opfer-des-kommunismus-in-ungarn-begangen\/\">Tag der Opfer des Kommunismus in Ungarn begangen<\/a><\/li>\n<\/ul>\n<p>Der Tag des Schwarzen Bandes wird in Ungarn seit 2011 am 23. August begangen, dem Jahrestag des Molotow-Ribbentrop-Pakts, eines Nichtangriffspakts zwischen Nazi-Deutschland und der Sowjetunion aus dem Jahr 1939.<\/p>\n","protected":false},"excerpt":{"rendered":"<p>Bei einer Veranstaltung anl\u00e4sslich des Black Ribbon Day, dem europ\u00e4ischen Gedenktag zum Gedenken an die Opfer totalit\u00e4rer Regime, sagte ein Regierungsbeamter, es sei \u201cunsere Pflicht\u201d, \u201cdie S\u00fcnden des 20. Jahrhunderts f\u00fcr j\u00fcngere Generationen aufzudecken und sicherzustellen, dass sie sich nie wiederholen\u201d. Der stellvertretende Staatssekret\u00e4r Vince Szalay-Bobrovniczky sagte am Sonntag in Budapest, dass die Veranstaltung zum [&hellip;]<\/p>\n","protected":false},"author":33,"featured_media":717507,"comment_status":"open","ping_status":"open","sticky":false,"template":"","format":"standard","meta":{"_acf_changed":false,"_display_image":"","footnotes":""},"categories":[1098],"tags":[1102,1076],"class_list":["post-717506","post","type-post","status-publish","format-standard","has-post-thumbnail","hentry","category-gesellschaft","tag-ungarische-regierung","tag-ungarn"],"blocksy_meta":[],"acf":[],"author_username":"ugyelet","telegram_post":"","public_post_metadata":{"breaking_news":"no","important":"no","csempe":"no","center_tile":"no","disable_thumbnail":"","target_lang":"","_featured_image_style":"","telegram_post":"","_xlat_group_id":""},"public_rank_math_data":{"title":"%title% %sep% %sitename%","description":"","focus_keyword":"","canonical_url":"","robots":"","primary_category":"1098","breadcrumb_title":"","facebook_title":"","facebook_description":"","facebook_image":"","facebook_image_id":"","twitter_title":"","twitter_description":"","twitter_image":"","twitter_image_id":"","twitter_card_type":"","twitter_use_facebook":"","advanced_robots":"","pillar_content":"","seo_score":"","contentai_score":"","rich_snippet":""},"_links":{"self":[{"href":"https:\/\/dailynewshungary.com\/de\/wp-json\/wp\/v2\/posts\/717506","targetHints":{"allow":["GET"]}}],"collection":[{"href":"https:\/\/dailynewshungary.com\/de\/wp-json\/wp\/v2\/posts"}],"about":[{"href":"https:\/\/dailynewshungary.com\/de\/wp-json\/wp\/v2\/types\/post"}],"author":[{"embeddable":true,"href":"https:\/\/dailynewshungary.com\/de\/wp-json\/wp\/v2\/users\/33"}],"replies":[{"embeddable":true,"href":"https:\/\/dailynewshungary.com\/de\/wp-json\/wp\/v2\/comments?post=717506"}],"version-history":[{"count":0,"href":"https:\/\/dailynewshungary.com\/de\/wp-json\/wp\/v2\/posts\/717506\/revisions"}],"wp:featuredmedia":[{"embeddable":true,"href":"https:\/\/dailynewshungary.com\/de\/wp-json\/wp\/v2\/media\/717507"}],"wp:attachment":[{"href":"https:\/\/dailynewshungary.com\/de\/wp-json\/wp\/v2\/media?parent=717506"}],"wp:term":[{"taxonomy":"category","embeddable":true,"href":"https:\/\/dailynewshungary.com\/de\/wp-json\/wp\/v2\/categories?post=717506"},{"taxonomy":"post_tag","embeddable":true,"href":"https:\/\/dailynewshungary.com\/de\/wp-json\/wp\/v2\/tags?post=717506"}],"curies":[{"name":"wp","href":"https:\/\/api.w.org\/{rel}","templated":true}]}}