{"id":719609,"date":"2020-06-19T09:40:00","date_gmt":"2020-06-19T07:40:00","guid":{"rendered":"https:\/\/dailynewshungary.com\/de\/nationalgalerie-museum-der-schonen-kunste-wird-wiedereroffnet\/"},"modified":"2020-06-19T09:40:00","modified_gmt":"2020-06-19T07:40:00","slug":"nationalgalerie-museum-der-schonen-kunste-wird-wiedereroffnet","status":"publish","type":"post","link":"https:\/\/dailynewshungary.com\/de\/nationalgalerie-museum-der-schonen-kunste-wird-wiedereroffnet\/","title":{"rendered":"Nationalgalerie, Museum der Sch\u00f6nen K\u00fcnste wird wiederer\u00f6ffnet!"},"content":{"rendered":"<p><strong>Die Ungarische Nationalgalerie und das Museum der Sch\u00f6nen K\u00fcnste werden am Samstag nach dreimonatiger Schlie\u00dfung wieder f\u00fcr die \u00d6ffentlichkeit ge\u00f6ffnet.<\/strong><\/p>\n<p>Die erste tempor\u00e4re Ausstellung, die das Museum der Sch\u00f6nen K\u00fcnste veranstalten wird, ist eine Ausstellung mit dem Titel Das Zeitalter des D\u00fcrers, Deutsche Zeichnungen und Drucke.<\/p>\n<p>Die Ausstellung zeigt 54 der sch\u00f6nsten Zeichnungen, die im deutschsprachigen Raum aus einem Zeitraum von 200 Jahren internationaler Gotik, Renaissance und Manierismus angefertigt wurden, erg\u00e4nzt durch Stiche und Holzschnitte von Albrecht Durer.<\/p>\n<p>Besuchern wird empfohlen, die Coronavirus-Schutzregeln einzuhalten, hie\u00df es in einer Erkl\u00e4rung der beiden Museen.<\/p>\n","protected":false},"excerpt":{"rendered":"<p>Die Ungarische Nationalgalerie und das Museum der Sch\u00f6nen K\u00fcnste werden am Samstag nach dreimonatiger Schlie\u00dfung wieder f\u00fcr die \u00d6ffentlichkeit ge\u00f6ffnet. Die erste tempor\u00e4re Ausstellung, die das Museum der Sch\u00f6nen K\u00fcnste veranstalten wird, ist eine Ausstellung mit dem Titel Das Zeitalter des D\u00fcrers, Deutsche Zeichnungen und Drucke. Die Ausstellung zeigt 54 der sch\u00f6nsten Zeichnungen, die im [&hellip;]<\/p>\n","protected":false},"author":46,"featured_media":0,"comment_status":"open","ping_status":"open","sticky":false,"template":"","format":"standard","meta":{"_acf_changed":false,"_display_image":"","footnotes":""},"categories":[1101],"tags":[1232,1111,1311,1076],"class_list":["post-719609","post","type-post","status-publish","format-standard","hentry","category-flashnews","tag-ausstellung","tag-budapest","tag-museum","tag-ungarn"],"blocksy_meta":[],"acf":[],"author_username":"barbara.smn","telegram_post":"","public_post_metadata":{"breaking_news":"","important":"","csempe":"","center_tile":"","disable_thumbnail":"","target_lang":"","_featured_image_style":"","telegram_post":"","_xlat_group_id":""},"public_rank_math_data":{"title":"%title% %sep% %sitename%","description":"","focus_keyword":"","canonical_url":"","robots":"","primary_category":"1101","breadcrumb_title":"","facebook_title":"","facebook_description":"","facebook_image":"","facebook_image_id":"","twitter_title":"","twitter_description":"","twitter_image":"","twitter_image_id":"","twitter_card_type":"","twitter_use_facebook":"","advanced_robots":"","pillar_content":"","seo_score":"","contentai_score":"","rich_snippet":""},"_links":{"self":[{"href":"https:\/\/dailynewshungary.com\/de\/wp-json\/wp\/v2\/posts\/719609","targetHints":{"allow":["GET"]}}],"collection":[{"href":"https:\/\/dailynewshungary.com\/de\/wp-json\/wp\/v2\/posts"}],"about":[{"href":"https:\/\/dailynewshungary.com\/de\/wp-json\/wp\/v2\/types\/post"}],"author":[{"embeddable":true,"href":"https:\/\/dailynewshungary.com\/de\/wp-json\/wp\/v2\/users\/46"}],"replies":[{"embeddable":true,"href":"https:\/\/dailynewshungary.com\/de\/wp-json\/wp\/v2\/comments?post=719609"}],"version-history":[{"count":0,"href":"https:\/\/dailynewshungary.com\/de\/wp-json\/wp\/v2\/posts\/719609\/revisions"}],"wp:attachment":[{"href":"https:\/\/dailynewshungary.com\/de\/wp-json\/wp\/v2\/media?parent=719609"}],"wp:term":[{"taxonomy":"category","embeddable":true,"href":"https:\/\/dailynewshungary.com\/de\/wp-json\/wp\/v2\/categories?post=719609"},{"taxonomy":"post_tag","embeddable":true,"href":"https:\/\/dailynewshungary.com\/de\/wp-json\/wp\/v2\/tags?post=719609"}],"curies":[{"name":"wp","href":"https:\/\/api.w.org\/{rel}","templated":true}]}}