{"id":719927,"date":"2020-06-10T07:27:00","date_gmt":"2020-06-10T05:27:00","guid":{"rendered":"https:\/\/dailynewshungary.com\/de\/wichtig-die-renovierungsarbeiten-beginnen-am-donnerstag-auf-den-budapester-strasenbahnlinien-4-6\/"},"modified":"2020-06-10T07:27:00","modified_gmt":"2020-06-10T05:27:00","slug":"wichtig-die-renovierungsarbeiten-beginnen-am-donnerstag-auf-den-budapester-strasenbahnlinien-4-6","status":"publish","type":"post","link":"https:\/\/dailynewshungary.com\/de\/wichtig-die-renovierungsarbeiten-beginnen-am-donnerstag-auf-den-budapester-strasenbahnlinien-4-6\/","title":{"rendered":"Wichtig! Die Renovierungsarbeiten beginnen am Donnerstag auf den Budapester Stra\u00dfenbahnlinien 4 \u2013 6"},"content":{"rendered":"<p><strong>Im Sommer der Abschnitt der Stra\u00dfenbahnlinien 4 -6 zwischen dem Budaer Seitenbr\u00fcckenkopf von Pet fi h\u00edd (Br\u00fccke) und <\/strong><strong>Karinthy Frigyes \u00fat (Stra\u00dfe) wird rekonstruiert. Die Sanierungsarbeiten dauern vom 11. Juni bis 5. August, berichtete das Zentrum f\u00fcr Budapester Verkehr am Montag.<\/strong><\/p>\n<p>Nach <em><a rel=\"noreferrer noopener\" aria-label=\"24 (opens in a new tab)\" href=\"https:\/\/24.hu\/belfold\/2020\/06\/08\/4-6-os-villamos-felujitas-2\/\" target=\"_blank\">24<\/a><\/em>(dieser Abschnitt wurde seit Ende der 1990 er Jahre keiner gr\u00f6\u00dferen Rekonstruktion unterzogen, in diesem Sommer werden die abgenutzten Schienen durch moderne ersetzt, die leichter zu warten sind Auf diese Weise k\u00f6nnten notwendige zuk\u00fcnftige Wartungsarbeiten schneller durchgef\u00fchrt werden, schrieb das Zentrum f\u00fcr Budapester Verkehr in seiner Ank\u00fcndigung.<\/p>\n<blockquote class=\"wp-block-quote is-layout-flow wp-block-quote-is-layout-flow\">\n<p>Ab dem 15. Juni werden Stra\u00dfenbahnen Fahrg\u00e4ste auf einer verk\u00fcrzten Strecke zwischen Sz\u00e9l K\u00e1lm\u00e1n t\u00e9r (Platz) und dem Budaer Seitenbr\u00fcckenkopf von Pet fi h\u00edd bef\u00f6rdern. Der Betrieb der Stra\u00dfenbahnen wird auf dem Abschnitt zwischen dem Budaer Seitenbr\u00fcckenkopf von Pet fi h\u00edd, M\u00f3ricz Zsigmond k\u00f6rt\u00e9r (Platz) und electrjbuda-k\u00f6zpont (Mitte) durch Busse ersetzt.<\/p>\n<\/blockquote>\n<p>W\u00e4hrend der Vorbereitungen (11. Juni &#8211; 14. Juni) und in der dritten Phase der Gleissanierung (15. Juli &#8211; 5. August) verkehren Ersatzbusse zwischen Corvin-negyed und &#8216;D\u00e9l-Budai v\u00e9g\u00e1lom\u00e1sok&#8217;. Im Bereich des Budaer Seitenbr\u00fcckenkopfes von Pet.fi h\u00edd, Corvin-negyed und Baross utca (Stra\u00dfe) kann es zu Verkehrsbeschr\u00e4nkungen kommen. <\/p>\n<p>Das Zentrum f\u00fcr Budapester Verkehr f\u00fcgte hinzu, dass Fahrg\u00e4ste auch die U-Bahn-Linie M4 auf dem Abschnitt zwischen Dezel-Buda (S\u00fcd-Buda) und dem Stadtzentrum nutzen k\u00f6nnten. <\/p>\n","protected":false},"excerpt":{"rendered":"<p>Im Sommer der Abschnitt der Stra\u00dfenbahnlinien 4 -6 zwischen dem Budaer Seitenbr\u00fcckenkopf von Pet fi h\u00edd (Br\u00fccke) und Karinthy Frigyes \u00fat (Stra\u00dfe) wird rekonstruiert. Die Sanierungsarbeiten dauern vom 11. Juni bis 5. August, berichtete das Zentrum f\u00fcr Budapester Verkehr am Montag. Nach 24(dieser Abschnitt wurde seit Ende der 1990 er Jahre keiner gr\u00f6\u00dferen Rekonstruktion unterzogen, [&hellip;]<\/p>\n","protected":false},"author":45,"featured_media":719928,"comment_status":"open","ping_status":"open","sticky":false,"template":"","format":"standard","meta":{"_acf_changed":false,"_display_image":"","footnotes":""},"categories":[1098],"tags":[1111,1297,1076,1145],"class_list":["post-719927","post","type-post","status-publish","format-standard","has-post-thumbnail","hentry","category-gesellschaft","tag-budapest","tag-transport","tag-ungarn","tag-verkehr"],"blocksy_meta":[],"acf":[],"author_username":"Csecseinori","telegram_post":"","public_post_metadata":{"breaking_news":"","important":"","csempe":"","center_tile":"","disable_thumbnail":"","target_lang":"","_featured_image_style":"","telegram_post":"","_xlat_group_id":""},"public_rank_math_data":{"title":"%title% %sep% %sitename%","description":"","focus_keyword":"","canonical_url":"","robots":"","primary_category":"1098","breadcrumb_title":"","facebook_title":"","facebook_description":"","facebook_image":"","facebook_image_id":"","twitter_title":"","twitter_description":"","twitter_image":"","twitter_image_id":"","twitter_card_type":"","twitter_use_facebook":"","advanced_robots":"","pillar_content":"","seo_score":"","contentai_score":"","rich_snippet":""},"_links":{"self":[{"href":"https:\/\/dailynewshungary.com\/de\/wp-json\/wp\/v2\/posts\/719927","targetHints":{"allow":["GET"]}}],"collection":[{"href":"https:\/\/dailynewshungary.com\/de\/wp-json\/wp\/v2\/posts"}],"about":[{"href":"https:\/\/dailynewshungary.com\/de\/wp-json\/wp\/v2\/types\/post"}],"author":[{"embeddable":true,"href":"https:\/\/dailynewshungary.com\/de\/wp-json\/wp\/v2\/users\/45"}],"replies":[{"embeddable":true,"href":"https:\/\/dailynewshungary.com\/de\/wp-json\/wp\/v2\/comments?post=719927"}],"version-history":[{"count":0,"href":"https:\/\/dailynewshungary.com\/de\/wp-json\/wp\/v2\/posts\/719927\/revisions"}],"wp:featuredmedia":[{"embeddable":true,"href":"https:\/\/dailynewshungary.com\/de\/wp-json\/wp\/v2\/media\/719928"}],"wp:attachment":[{"href":"https:\/\/dailynewshungary.com\/de\/wp-json\/wp\/v2\/media?parent=719927"}],"wp:term":[{"taxonomy":"category","embeddable":true,"href":"https:\/\/dailynewshungary.com\/de\/wp-json\/wp\/v2\/categories?post=719927"},{"taxonomy":"post_tag","embeddable":true,"href":"https:\/\/dailynewshungary.com\/de\/wp-json\/wp\/v2\/tags?post=719927"}],"curies":[{"name":"wp","href":"https:\/\/api.w.org\/{rel}","templated":true}]}}