{"id":719956,"date":"2020-06-09T10:40:16","date_gmt":"2020-06-09T08:40:16","guid":{"rendered":"https:\/\/dailynewshungary.com\/de\/das-kabinett-orban-veroffentlicht-einen-fragebogen-zur-offentlichen-umfrage\/"},"modified":"2020-06-09T10:40:16","modified_gmt":"2020-06-09T08:40:16","slug":"das-kabinett-orban-veroffentlicht-einen-fragebogen-zur-offentlichen-umfrage","status":"publish","type":"post","link":"https:\/\/dailynewshungary.com\/de\/das-kabinett-orban-veroffentlicht-einen-fragebogen-zur-offentlichen-umfrage\/","title":{"rendered":"Das Kabinett Orb\u00e1n ver\u00f6ffentlicht einen Fragebogen zur \u00f6ffentlichen Umfrage"},"content":{"rendered":"<p><strong>Die Regierung hat dreizehn Fragen ver\u00f6ffentlicht, die der ungarischen \u00d6ffentlichkeit im Rahmen der nationalen Konsultation im Zusammenhang mit dem neuartigen Coronavirus und der Wiederbelebung der Wirtschaft gestellt werden sollen.<\/strong><\/p>\n<p>In der am Montag auf kormany.hu ver\u00f6ffentlichten Einleitung der Umfrage hei\u00dft es, dass alle L\u00e4nder auf der ganzen Welt mit einer beispiellosen Situation zu k\u00e4mpfen h\u00e4tten. \u201eWir Ungarn haben uns zusammengeschlossen und rechtzeitig Ma\u00dfnahmen ergriffen und es geschafft, die Epidemie einzud\u00e4mmen,\u201csagt es und f\u00fcgt hinzu, dass \u00c4rzte und Epidemiologen wollen, dass das Land auf eine m\u00f6gliche zweite Welle der Epidemie aufmerksam bleibt.<\/p>\n<blockquote>\n<p>Die erste Frage betrifft, welche Ma\u00dfnahmen die B\u00fcrger unterst\u00fctzen w\u00fcrden, wenn die Epidemie erneut auftreten w\u00fcrde.<\/p>\n<\/blockquote>\n<p>Die neun genannten Optionen sind: Ausgangssperre, r\u00e4umliche Distanzierung, Tragen von Masken, Grenzschlie\u00dfungen, Schlie\u00dfung von Schulen und Universit\u00e4ten und \u00dcbergang zu einer digitalen Plattform, Einschr\u00e4nkung von Veranstaltungen, Beibehaltung getrennter Einkaufszeiten f\u00fcr \u00fcber 65-J\u00e4hrige, Einschr\u00e4nkung des Exports von Ger\u00e4ten, die f\u00fcr den \u00f6ffentlichen Schutz verwendet werden und kostenloses Parken.<\/p>\n<p>Weitere Fragen betreffen den Grad der Vorbereitung, der im Gesundheitssystem aufrechterhalten werden muss, M\u00f6glichkeiten zur St\u00e4rkung des Schutzes von Pflegeheimen, die Produktion von Schutzausr\u00fcstung in Ungarn und die Frage, ob das Internet f\u00fcr Haushalte mit Kindern und Lehrern kostenlos zur Verf\u00fcgung gestellt werden sollte w\u00e4hrend der Epidemie sowie ob in Ungarn dauerhaft ein epidemiologischer \u00dcberwachungsdienst eingerichtet werden sollte.<\/p>\n<blockquote>\n<p>In Bezug auf die Wirtschaft werden die B\u00fcrger gefragt, ob Banken und multinationale Konzerne sich an den durch die Epidemie entstehenden Kosten beteiligen sollten, ob eine Bevorzugung inl\u00e4ndischer Produkte und Dienstleistungen gef\u00f6rdert werden sollte und ob der Inlandstourismus gef\u00f6rdert werden sollte.<\/p>\n<\/blockquote>\n<p>Dar\u00fcber hinaus werden die B\u00fcrger gefragt, ob nach der Epidemie Arbeitsschutz- und Arbeitsbeschaffungsprogramme beibehalten werden sollten.<\/p>\n<p>Zum Thema der vom Finanzier diskutierten Idee <a href=\"https:\/\/dailynewshungary.com\/de\/der-grose-britische-zuguberfall-wie-eine-15-kopfige-bande-1963-26-millionen-pfund-stahl\/\" target=\"_blank\" rel=\"noopener noreferrer\">Georg Soros<\/a> Bei der Ausgabe unbefristeter Anleihen zur Bew\u00e4ltigung der wirtschaftlichen Folgen der Epidemie werden die Befragten gefragt, ob sie den \u201ePlan\u201cablehnen, der \u201ef\u00fcr lange Zeit eine Schuldenlast f\u00fcr Ungarn bedeuten w\u00fcrde\u201d.<\/p>\n<p>Au\u00dferdem k\u00f6nnen die Befragten ihre Meinung dazu \u00e4u\u00dfern, ob ungarische Unternehmen vor feindlichen \u00dcbernahmeangeboten gesch\u00fctzt werden sollten. Die letzten beiden Fragen betreffen die Migration und ob die Regierung weiterhin dagegen vorgehen sollte <a href=\"https:\/\/dailynewshungary.com\/de\/der-grose-britische-zuguberfall-wie-eine-15-kopfige-bande-1963-26-millionen-pfund-stahl\/\" target=\"_blank\" rel=\"noopener noreferrer\">Migration<\/a> und strenge Kontrollen an der ungarischen Grenze aufrechterhalten.<\/p>\n<p>Weiter fragt sie, ob die Regierung ein Migrationsverbot auch um den Preis aufrechterhalten solle, sich im \u201cKonflikt mit Br\u00fcssel\u201d zu befinden.<\/p>\n<blockquote>\n<p>Der Fragebogen wird an die Haushalte verschickt und kann bis zum 15. August zur\u00fcckgesandt werden.<\/p>\n<\/blockquote>\n","protected":false},"excerpt":{"rendered":"<p>Die Regierung hat dreizehn Fragen ver\u00f6ffentlicht, die der ungarischen \u00d6ffentlichkeit im Rahmen der nationalen Konsultation im Zusammenhang mit dem neuartigen Coronavirus und der Wiederbelebung der Wirtschaft gestellt werden sollen. In der am Montag auf kormany.hu ver\u00f6ffentlichten Einleitung der Umfrage hei\u00dft es, dass alle L\u00e4nder auf der ganzen Welt mit einer beispiellosen Situation zu k\u00e4mpfen h\u00e4tten. [&hellip;]<\/p>\n","protected":false},"author":88,"featured_media":719957,"comment_status":"open","ping_status":"open","sticky":false,"template":"","format":"standard","meta":{"_acf_changed":false,"_display_image":"","footnotes":""},"categories":[1098],"tags":[2243,1778,1445,1702,1076],"class_list":["post-719956","post","type-post","status-publish","format-standard","has-post-thumbnail","hentry","category-gesellschaft","tag-coronavirus","tag-coronavirus-in-ungarn","tag-migration","tag-soros","tag-ungarn"],"blocksy_meta":[],"acf":[],"author_username":"alpar.kato","telegram_post":"","public_post_metadata":{"breaking_news":"","important":"","csempe":"","center_tile":"","disable_thumbnail":"","target_lang":"","_featured_image_style":"","telegram_post":"","_xlat_group_id":""},"public_rank_math_data":{"title":"%title% %sep% %sitename%","description":"","focus_keyword":"","canonical_url":"","robots":"","primary_category":"1098","breadcrumb_title":"","facebook_title":"","facebook_description":"","facebook_image":"","facebook_image_id":"","twitter_title":"","twitter_description":"","twitter_image":"","twitter_image_id":"","twitter_card_type":"","twitter_use_facebook":"","advanced_robots":"","pillar_content":"","seo_score":"","contentai_score":"","rich_snippet":""},"_links":{"self":[{"href":"https:\/\/dailynewshungary.com\/de\/wp-json\/wp\/v2\/posts\/719956","targetHints":{"allow":["GET"]}}],"collection":[{"href":"https:\/\/dailynewshungary.com\/de\/wp-json\/wp\/v2\/posts"}],"about":[{"href":"https:\/\/dailynewshungary.com\/de\/wp-json\/wp\/v2\/types\/post"}],"author":[{"embeddable":true,"href":"https:\/\/dailynewshungary.com\/de\/wp-json\/wp\/v2\/users\/88"}],"replies":[{"embeddable":true,"href":"https:\/\/dailynewshungary.com\/de\/wp-json\/wp\/v2\/comments?post=719956"}],"version-history":[{"count":0,"href":"https:\/\/dailynewshungary.com\/de\/wp-json\/wp\/v2\/posts\/719956\/revisions"}],"wp:featuredmedia":[{"embeddable":true,"href":"https:\/\/dailynewshungary.com\/de\/wp-json\/wp\/v2\/media\/719957"}],"wp:attachment":[{"href":"https:\/\/dailynewshungary.com\/de\/wp-json\/wp\/v2\/media?parent=719956"}],"wp:term":[{"taxonomy":"category","embeddable":true,"href":"https:\/\/dailynewshungary.com\/de\/wp-json\/wp\/v2\/categories?post=719956"},{"taxonomy":"post_tag","embeddable":true,"href":"https:\/\/dailynewshungary.com\/de\/wp-json\/wp\/v2\/tags?post=719956"}],"curies":[{"name":"wp","href":"https:\/\/api.w.org\/{rel}","templated":true}]}}