{"id":719969,"date":"2020-06-08T20:00:00","date_gmt":"2020-06-08T18:00:00","guid":{"rendered":"https:\/\/dailynewshungary.com\/de\/budapests-zitadelle-gellert-hill-soll-umgestaltet-werden\/"},"modified":"2020-06-08T20:00:00","modified_gmt":"2020-06-08T18:00:00","slug":"budapests-zitadelle-gellert-hill-soll-umgestaltet-werden","status":"publish","type":"post","link":"https:\/\/dailynewshungary.com\/de\/budapests-zitadelle-gellert-hill-soll-umgestaltet-werden\/","title":{"rendered":"Budapests Zitadelle Gellert Hill soll umgestaltet werden"},"content":{"rendered":"<p><strong>Die Budapester Zitadelle, die als Milit\u00e4rfestung auf dem Gellert-H\u00fcgel, dem h\u00f6chsten Punkt des Stadtzentrums, errichtet wurde, werde drei Jahre lang umgebaut, sagte der Projektkommissar am Montag auf einer Pressekonferenz.<\/strong><\/p>\n<p>Zu den Pl\u00e4nen f\u00fcr eine ehemalige Festung, die Habsburg-\u00d6sterreich nach der Revolution von 1848-49 errichtete, geh\u00f6ren die Schaffung eines Parks anstelle eines Bunkers aus dem 2. Weltkrieg und eines Museums zum Gedenken an \u201eUngarische K\u00e4mpfe f\u00fcr die Freiheit\u201csagte Gergely Fodor.<\/p>\n<blockquote>\n<p>Die Zitadelle befindet sich seit Jahrzehnten in einem bauf\u00e4lligen Zustand und wird 2022 f\u00fcr die \u00d6ffentlichkeit zug\u00e4nglich sein<\/p>\n<\/blockquote>\n<p>Fodor sagte. 2023 werde der Ausstellungsraum im rekonstruierten Kanonenturm er\u00f6ffnet, sagte er.<\/p>\n<blockquote>\n<p>Die Arbeiten sollen im Herbst 2020 mit einer umfassenden Bewertung des Gebiets beginnen, die auch zeigen wird, ob auch die Freiheitsstatue in der N\u00e4he der Zitadelle einer Rekonstruktion bedarf, f\u00fcgte er hinzu.<\/p>\n<\/blockquote>\n<p><a href=\"https:\/\/dailynewshungary.com\/de\/tolle-neuigkeiten-zitadelle-auf-dem-gellert-hugel-budapest-renoviert-werden-fotos\/\" target=\"_blank\" rel=\"noopener noreferrer\">Tolle Neuigkeiten! Zitadelle auf dem Gellert Hill, Budapest renoviert werden \u2013 FOTOS<\/a><\/p>\n","protected":false},"excerpt":{"rendered":"<p>Die Budapester Zitadelle, die als Milit\u00e4rfestung auf dem Gellert-H\u00fcgel, dem h\u00f6chsten Punkt des Stadtzentrums, errichtet wurde, werde drei Jahre lang umgebaut, sagte der Projektkommissar am Montag auf einer Pressekonferenz. Zu den Pl\u00e4nen f\u00fcr eine ehemalige Festung, die Habsburg-\u00d6sterreich nach der Revolution von 1848-49 errichtete, geh\u00f6ren die Schaffung eines Parks anstelle eines Bunkers aus dem 2. [&hellip;]<\/p>\n","protected":false},"author":2,"featured_media":719970,"comment_status":"open","ping_status":"open","sticky":false,"template":"","format":"standard","meta":{"_acf_changed":false,"_display_image":"","footnotes":""},"categories":[1098],"tags":[1111,1079,1076],"class_list":["post-719969","post","type-post","status-publish","format-standard","has-post-thumbnail","hentry","category-gesellschaft","tag-budapest","tag-tourismus","tag-ungarn"],"blocksy_meta":[],"acf":[],"author_username":"alk","telegram_post":"","public_post_metadata":{"breaking_news":"","important":"","csempe":"","center_tile":"","disable_thumbnail":"","target_lang":"","_featured_image_style":"","telegram_post":"","_xlat_group_id":""},"public_rank_math_data":{"title":"%title% %sep% %sitename%","description":"","focus_keyword":"","canonical_url":"","robots":"","primary_category":"1098","breadcrumb_title":"","facebook_title":"","facebook_description":"","facebook_image":"","facebook_image_id":"","twitter_title":"","twitter_description":"","twitter_image":"","twitter_image_id":"","twitter_card_type":"","twitter_use_facebook":"","advanced_robots":"","pillar_content":"","seo_score":"","contentai_score":"","rich_snippet":""},"_links":{"self":[{"href":"https:\/\/dailynewshungary.com\/de\/wp-json\/wp\/v2\/posts\/719969","targetHints":{"allow":["GET"]}}],"collection":[{"href":"https:\/\/dailynewshungary.com\/de\/wp-json\/wp\/v2\/posts"}],"about":[{"href":"https:\/\/dailynewshungary.com\/de\/wp-json\/wp\/v2\/types\/post"}],"author":[{"embeddable":true,"href":"https:\/\/dailynewshungary.com\/de\/wp-json\/wp\/v2\/users\/2"}],"replies":[{"embeddable":true,"href":"https:\/\/dailynewshungary.com\/de\/wp-json\/wp\/v2\/comments?post=719969"}],"version-history":[{"count":0,"href":"https:\/\/dailynewshungary.com\/de\/wp-json\/wp\/v2\/posts\/719969\/revisions"}],"wp:featuredmedia":[{"embeddable":true,"href":"https:\/\/dailynewshungary.com\/de\/wp-json\/wp\/v2\/media\/719970"}],"wp:attachment":[{"href":"https:\/\/dailynewshungary.com\/de\/wp-json\/wp\/v2\/media?parent=719969"}],"wp:term":[{"taxonomy":"category","embeddable":true,"href":"https:\/\/dailynewshungary.com\/de\/wp-json\/wp\/v2\/categories?post=719969"},{"taxonomy":"post_tag","embeddable":true,"href":"https:\/\/dailynewshungary.com\/de\/wp-json\/wp\/v2\/tags?post=719969"}],"curies":[{"name":"wp","href":"https:\/\/api.w.org\/{rel}","templated":true}]}}