{"id":720107,"date":"2020-06-04T11:30:00","date_gmt":"2020-06-04T09:30:00","guid":{"rendered":"https:\/\/dailynewshungary.com\/de\/trianon-100-die-regierung-unterstutzt-die-einrichtung-eines-museums-der-freiheit-auf-dem-gellert-hill\/"},"modified":"2020-06-04T11:30:00","modified_gmt":"2020-06-04T09:30:00","slug":"trianon-100-die-regierung-unterstutzt-die-einrichtung-eines-museums-der-freiheit-auf-dem-gellert-hill","status":"publish","type":"post","link":"https:\/\/dailynewshungary.com\/de\/trianon-100-die-regierung-unterstutzt-die-einrichtung-eines-museums-der-freiheit-auf-dem-gellert-hill\/","title":{"rendered":"Trianon 100 \u2013 Die Regierung unterst\u00fctzt die Einrichtung eines \u201eMuseums der Freiheit\u2019 auf dem Gellert Hill"},"content":{"rendered":"<p><strong>Das Kabinett hat beschlossen, Pl\u00e4ne f\u00fcr ein \u201cMuseum der ungarischen Freiheit\u201d auf dem Gellert-H\u00fcgel in Budapest im Zusammenhang mit dem 100 <a href=\"https:\/\/dailynewshungary.com\/de\/der-grose-britische-zuguberfall-wie-eine-15-kopfige-bande-1963-26-millionen-pfund-stahl\/\">Friedensvertrag von Trianon<\/a> Der Leiter des B\u00fcros des Ministerpr\u00e4sidenten sagte am Donnerstag.<\/strong><\/p>\n<p>Gergely Guly\u00e1s sagte auf einer regelm\u00e4\u00dfigen Pressekonferenz, dass Ungarn vor hundert Jahren gezwungen sei, den Vertrag zu unterzeichnen, was zum Verlust von zwei Dritteln seines Territoriums und zum Verlust jedes dritten \u00fcber die Grenzen hinaus lebenden Ungarn gef\u00fchrt habe.<\/p>\n<p>Der 4. Juni wurde vor zehn Jahren zum Tag des nationalen Zusammenhalts erkl\u00e4rt, als die Regierung in einem beschleunigten Verfahren die M\u00f6glichkeit zum Erwerb der ungarischen Staatsb\u00fcrgerschaft einf\u00fchrte und seitdem fast 1,1 Millionen ethnische Ungarn diese Gelegenheit genutzt haben, sagte er.<\/p>\n","protected":false},"excerpt":{"rendered":"<p>Das Kabinett hat beschlossen, Pl\u00e4ne f\u00fcr ein \u201cMuseum der ungarischen Freiheit\u201d auf dem Gellert-H\u00fcgel in Budapest im Zusammenhang mit dem 100 Friedensvertrag von Trianon Der Leiter des B\u00fcros des Ministerpr\u00e4sidenten sagte am Donnerstag. Gergely Guly\u00e1s sagte auf einer regelm\u00e4\u00dfigen Pressekonferenz, dass Ungarn vor hundert Jahren gezwungen sei, den Vertrag zu unterzeichnen, was zum Verlust von [&hellip;]<\/p>\n","protected":false},"author":46,"featured_media":0,"comment_status":"open","ping_status":"open","sticky":false,"template":"","format":"standard","meta":{"_acf_changed":false,"_display_image":"","footnotes":""},"categories":[1101],"tags":[1144,1125,1311,1076,1652],"class_list":["post-720107","post","type-post","status-publish","format-standard","hentry","category-flashnews","tag-gedenken","tag-geschichte","tag-museum","tag-ungarn","tag-vertrag-von-trianon"],"blocksy_meta":[],"acf":[],"author_username":"barbara.smn","telegram_post":"","public_post_metadata":{"breaking_news":"","important":"","csempe":"","center_tile":"","disable_thumbnail":"","target_lang":"","_featured_image_style":"","telegram_post":"","_xlat_group_id":""},"public_rank_math_data":{"title":"%title% %sep% %sitename%","description":"","focus_keyword":"","canonical_url":"","robots":"","primary_category":"1101","breadcrumb_title":"","facebook_title":"","facebook_description":"","facebook_image":"","facebook_image_id":"","twitter_title":"","twitter_description":"","twitter_image":"","twitter_image_id":"","twitter_card_type":"","twitter_use_facebook":"","advanced_robots":"","pillar_content":"","seo_score":"","contentai_score":"","rich_snippet":""},"_links":{"self":[{"href":"https:\/\/dailynewshungary.com\/de\/wp-json\/wp\/v2\/posts\/720107","targetHints":{"allow":["GET"]}}],"collection":[{"href":"https:\/\/dailynewshungary.com\/de\/wp-json\/wp\/v2\/posts"}],"about":[{"href":"https:\/\/dailynewshungary.com\/de\/wp-json\/wp\/v2\/types\/post"}],"author":[{"embeddable":true,"href":"https:\/\/dailynewshungary.com\/de\/wp-json\/wp\/v2\/users\/46"}],"replies":[{"embeddable":true,"href":"https:\/\/dailynewshungary.com\/de\/wp-json\/wp\/v2\/comments?post=720107"}],"version-history":[{"count":0,"href":"https:\/\/dailynewshungary.com\/de\/wp-json\/wp\/v2\/posts\/720107\/revisions"}],"wp:attachment":[{"href":"https:\/\/dailynewshungary.com\/de\/wp-json\/wp\/v2\/media?parent=720107"}],"wp:term":[{"taxonomy":"category","embeddable":true,"href":"https:\/\/dailynewshungary.com\/de\/wp-json\/wp\/v2\/categories?post=720107"},{"taxonomy":"post_tag","embeddable":true,"href":"https:\/\/dailynewshungary.com\/de\/wp-json\/wp\/v2\/tags?post=720107"}],"curies":[{"name":"wp","href":"https:\/\/api.w.org\/{rel}","templated":true}]}}