{"id":720208,"date":"2020-06-01T18:00:00","date_gmt":"2020-06-01T16:00:00","guid":{"rendered":"https:\/\/dailynewshungary.com\/de\/eine-neue-ara-in-ungarn-viktor-orban-ist-seit-10-jahren-premierminister-video\/"},"modified":"2020-06-01T18:00:00","modified_gmt":"2020-06-01T16:00:00","slug":"eine-neue-ara-in-ungarn-viktor-orban-ist-seit-10-jahren-premierminister-video","status":"publish","type":"post","link":"https:\/\/dailynewshungary.com\/de\/eine-neue-ara-in-ungarn-viktor-orban-ist-seit-10-jahren-premierminister-video\/","title":{"rendered":"Eine neue \u00c4ra in Ungarn? \u2013 Viktor Orb\u00e1n ist seit 10 Jahren Premierminister \u2013 Video"},"content":{"rendered":"<p><strong>Einige Ungarn sagen, dass er noch viele Jahrzehnte auf dem Vorsitz des PM bleiben sollte, seit seine Regierung ein neues goldenes Zeitalter f\u00fcr das Land gebracht hat W\u00e4hrenddessen sagen andere, dass seine Regierung eine weiche oder sogar eine harte Diktatur in Ungarn markiert, w\u00e4hrend der seine Partei, Fidesz, versucht, nicht nur die Politik mit ihrer 2\/3-Mehrheit zu dominieren, sondern auch fast alle Lebensabschnitte wie die Medien oder die Wirtschaft. Historiker werden wahrscheinlich immer \u00fcber die Einsch\u00e4tzung der &#8216;Orb\u00e1n-\u00c4ra&#8217; streiten, aber zwangsl\u00e4ufig werden sie auch Jahrzehnte sp\u00e4ter dar\u00fcber debattieren.<\/strong><\/p>\n<p>Sogar seine Gegner erkennen an, dass Viktor Orb\u00e1n nicht zuf\u00e4llig der ungarische Premierminister ist und seine politischen F\u00e4higkeiten einzigartig sind. In Europa ist Viktor Orb\u00e1n nach Angela Merkel der dienst\u00e4lteste, demokratisch gew\u00e4hlte Premierminister, was an sich schon etwas Besonderes ist, da in Ungarn jede Regierung die Wahlen nach 1990 verloren hat, mit Ausnahme von Ferenc Gyurcs\u00e1ny im Jahr 2006. Dar\u00fcber hinaus haben Viktor Orb\u00e1n und seine Fidesz-Partei zusammen mit den Christdemokraten<\/p>\n<blockquote>\n<p><span style=\"color: #0000ff;\">Drei Erdrutschsiege in Folge bei demokratischen Wahlen errungen <\/span><\/p>\n<\/blockquote>\n<p>2010, 2014 und 2018 eine 2\/3-Mehrheit ergeben Daher denken viele, dass der Zeitraum, der am 29. Mai 2010 beginnt, den Beginn der Orb\u00e1n-\u00c4ra markiert und nicht nur einen Wechsel der Regierungen, die das Land f\u00fchren.<\/p>\n<ul>\n<li><a href=\"https:\/\/dailynewshungary.com\/news_to_go\/orban-football-consolation-gratification-for-hungarians\/\">Orb\u00e1n: Fu\u00dfball &#8216;Trost, Befriedigung&#8217; f\u00fcr Ungarn<\/a><\/li>\n<li><a href=\"https:\/\/dailynewshungary.com\/de\/coronavirus-6-orban-kabinett-diskutiert-vorschlag-zum-entzug-von-notstandsbefugnissen\/\">Coronavirus-6 Orb\u00e1n-Kabinett diskutiert Vorschlag zum Entzug von Notstandsbefugnissen<\/a><\/li>\n<li><a href=\"https:\/\/dailynewshungary.com\/de\/orban-ungarn-haben-sich-zusammengeschlossen-um-die-neuartige-coronavirus-epidemie-zu-bekampfen-mit-ausnahme-des-linken-interviews\/\">Orb\u00e1n: Ungarn haben sich zusammengeschlossen, um die neuartige Coronavirus-Epidemie zu bek\u00e4mpfen, mit Ausnahme des linken Interviews<\/a><\/li>\n<\/ul>\n<p>Viktor Orb\u00e1n war zwischen 1998 und 2002 bereits einmal Premierminister, musste dann aber mit zwei anderen Parteien zusammenarbeiten, die ihm in vielen Fragen die H\u00e4nde fesselten und nicht so frei handeln konnten, wie er wollte. Nach 2010; Allerdings war er mit Unterst\u00fctzung der Fidesz und der Christdemokraten Premierminister<\/p>\n<blockquote>\n<p><span style=\"color: #0000ff;\">Doch diese Parteien widersetzen sich nicht seinem Willen<\/span><\/p>\n<\/blockquote>\n<p>In allen Fragen, aber so abgestimmt, wie es ihnen gesagt wurde.<\/p>\n<p>Laut Viktor Orb\u00e1n befand sich das Land im Jahr 2010 in einem schrecklichen wirtschaftlichen, sozialen usw. Staat, der sich nach der Finanzkrise von 2008 kaum dem Bankrott entzog. Ihrer Mitteilung zufolge gelang es dem Premierminister nicht nur, die schwerwiegenden wirtschaftlichen Probleme zu bew\u00e4ltigen, sondern er konnte Ungarn zwischen 2010 und 2020 auch auf Wachstumskurs bringen. Es ist eine unbestreitbare Tatsache, dass die ungarische Wirtschaft ab 2010 wuchs, Kritiker sagen jedoch, dass der Grund daf\u00fcr nicht die Arbeit der Regierung, sondern der Anstieg der Weltwirtschaft sei. Dar\u00fcber hinaus sagen sie, dass Premierminister Orb\u00e1n und seine Regierung viele ausl\u00e4ndische Investoren angezogen h\u00e4tten; Sie schufen jedoch \u00fcberwiegend Arbeitspl\u00e4tze mit geringem Mehrwert und schlechten Geh\u00e4llen.<\/p>\n<blockquote>\n<p><span style=\"color: #0000ff;\">Hunderttausende Ungarn entschieden sich, das Land zu verlassen <\/span><\/p>\n<\/blockquote>\n<p>und <a href=\"https:\/\/dailynewshungary.com\/de\/ungarn-ziehen-ins-ausland-welche-sind-die-attraktivsten-lander\/\">Arbeit in Westeuropa f\u00fcr h\u00f6here L\u00f6hne<\/a>. Unterdessen sagt Herr Orb\u00e1n, dass sie nur auf der Suche nach Abenteuern im Ausland seien.<\/p>\n<p>Orb\u00e1ns Regierungen k\u00e4mpften in den letzten 10 Jahren immer gegen Menschen und Institutionen. 2010 begannen sie damit, gegen den Internationalen W\u00e4hrungsfonds und die Staatsverschuldung zu k\u00e4mpfen. Sp\u00e4ter wurde dies auf die B\u00fcrokraten der Europ\u00e4ischen Union (\u201eBr\u00fcssel\u201c) umgestellt und 2015 wurde die Migration zusammen mit ihrem ehemaligen Unterst\u00fctzer George Soros zum Hauptgegner der Regierung, der in den regierungsnahen Medien als Hauptorganisator des Zustroms dargestellt wurde Das blieb der wichtigste Kommunikationspfad in den letzten f\u00fcnf Jahren, das hei\u00dft<\/p>\n<blockquote>\n<p><span style=\"color: #0000ff;\">Die ungarischen Oppositionsparteien m\u00f6chten Migranten aus Afrika und Asien in Ungarn ansiedeln.<\/span><\/p>\n<\/blockquote>\n<p>Interessanterweise hat seine Verwaltung, obwohl Orb\u00e1n immer gegen \u201cBr\u00fcssel\u201d k\u00e4mpfte, dank eines von ihnen geschaffenen, sehr effektiven Systems, um keine Cent zu verlieren, das meiste Geld von der Europ\u00e4ischen Union (dem Koh\u00e4sionsfonds) f\u00fcr verschiedene Projekte gewonnen, die Opposition sagt, dass das Geld, das die EU in den letzten zehn Jahren an regierungsnahe Oligarchen gegeben hat Unterdessen hebt die Regierung hervor, dass sie erstens nicht f\u00fcr etwas danken m\u00fcssen, sondern f\u00fcr das Geld des ungarischen Volkes, das sie verdienen Dar\u00fcber hinaus sagen sie, dass sie es f\u00fcr wichtige Infrastrukturprojekte ausgegeben haben, die Ungarn in den Augen ausl\u00e4ndischer Investoren zur Attraktivit\u00e4t verhelfen Kritiker sagen das<\/p>\n<blockquote>\n<p><span style=\"color: #0000ff;\">Die Regierung gibt zu viel Geld f\u00fcr Prestigeprojekte (z.B. Stadien) aus<\/span><\/p>\n<\/blockquote>\n<p>Statt der Entwicklung des Bildungs &#8211; oder des Gesundheitswesens.<\/p>\n<p>Historiker werden sich wohl jemals \u00fcber die Einsch\u00e4tzung der &#8216;Orb\u00e1n-\u00c4ra&#8217; streiten aber, zwangsl\u00e4ufig, sie werden auch Jahrzehnte sp\u00e4ter dar\u00fcber debattieren, au\u00dferdem wird Viktor Orb\u00e1n mindestens bis 2022 Ministerpr\u00e4sident bleiben, und er sagte vorher, dass er plant, bis 2030 auf seinem Stuhl zu bleiben, heute zeigen Umfragen, dass seine Parteien ihren Gegnern weit voraus sind, so dass die Chancen gut sind, dass er 2022 wieder gewinnt.<\/p>\n<p>Schlie\u00dflich ist dies das Video, das der Premierminister am 29. Mai zum 10. Jahrestag der neuen \u201e\u00c4ra&#8217; gepostet hat:<\/p>\n<p>https:\/\/www.facebook.com\/298090296092\/videos\/310808379921262\/<\/p>\n","protected":false},"excerpt":{"rendered":"<p>Einige Ungarn sagen, dass er noch viele Jahrzehnte auf dem Vorsitz des PM bleiben sollte, seit seine Regierung ein neues goldenes Zeitalter f\u00fcr das Land gebracht hat W\u00e4hrenddessen sagen andere, dass seine Regierung eine weiche oder sogar eine harte Diktatur in Ungarn markiert, w\u00e4hrend der seine Partei, Fidesz, versucht, nicht nur die Politik mit ihrer [&hellip;]<\/p>\n","protected":false},"author":18,"featured_media":720209,"comment_status":"open","ping_status":"open","sticky":false,"template":"","format":"standard","meta":{"_acf_changed":false,"_display_image":"","footnotes":""},"categories":[1098],"tags":[1076,1128],"class_list":["post-720208","post","type-post","status-publish","format-standard","has-post-thumbnail","hentry","category-gesellschaft","tag-ungarn","tag-viktor-orban"],"blocksy_meta":[],"acf":[],"author_username":"johnwoods","telegram_post":"","public_post_metadata":{"breaking_news":"","important":"","csempe":"","center_tile":"","disable_thumbnail":"","target_lang":"","_featured_image_style":"","telegram_post":"","_xlat_group_id":""},"public_rank_math_data":{"title":"%title% %sep% %sitename%","description":"","focus_keyword":"","canonical_url":"","robots":"","primary_category":"1098","breadcrumb_title":"","facebook_title":"","facebook_description":"","facebook_image":"","facebook_image_id":"","twitter_title":"","twitter_description":"","twitter_image":"","twitter_image_id":"","twitter_card_type":"","twitter_use_facebook":"","advanced_robots":"","pillar_content":"","seo_score":"","contentai_score":"","rich_snippet":""},"_links":{"self":[{"href":"https:\/\/dailynewshungary.com\/de\/wp-json\/wp\/v2\/posts\/720208","targetHints":{"allow":["GET"]}}],"collection":[{"href":"https:\/\/dailynewshungary.com\/de\/wp-json\/wp\/v2\/posts"}],"about":[{"href":"https:\/\/dailynewshungary.com\/de\/wp-json\/wp\/v2\/types\/post"}],"author":[{"embeddable":true,"href":"https:\/\/dailynewshungary.com\/de\/wp-json\/wp\/v2\/users\/18"}],"replies":[{"embeddable":true,"href":"https:\/\/dailynewshungary.com\/de\/wp-json\/wp\/v2\/comments?post=720208"}],"version-history":[{"count":0,"href":"https:\/\/dailynewshungary.com\/de\/wp-json\/wp\/v2\/posts\/720208\/revisions"}],"wp:featuredmedia":[{"embeddable":true,"href":"https:\/\/dailynewshungary.com\/de\/wp-json\/wp\/v2\/media\/720209"}],"wp:attachment":[{"href":"https:\/\/dailynewshungary.com\/de\/wp-json\/wp\/v2\/media?parent=720208"}],"wp:term":[{"taxonomy":"category","embeddable":true,"href":"https:\/\/dailynewshungary.com\/de\/wp-json\/wp\/v2\/categories?post=720208"},{"taxonomy":"post_tag","embeddable":true,"href":"https:\/\/dailynewshungary.com\/de\/wp-json\/wp\/v2\/tags?post=720208"}],"curies":[{"name":"wp","href":"https:\/\/api.w.org\/{rel}","templated":true}]}}