{"id":720436,"date":"2020-05-25T14:20:00","date_gmt":"2020-05-25T12:20:00","guid":{"rendered":"https:\/\/dailynewshungary.com\/de\/100-jahrestag-des-trianon-vertrags-umbenennung-des-landkreises-csongrad\/"},"modified":"2020-05-25T14:20:00","modified_gmt":"2020-05-25T12:20:00","slug":"100-jahrestag-des-trianon-vertrags-umbenennung-des-landkreises-csongrad","status":"publish","type":"post","link":"https:\/\/dailynewshungary.com\/de\/100-jahrestag-des-trianon-vertrags-umbenennung-des-landkreises-csongrad\/","title":{"rendered":"100. Jahrestag des Trianon-Vertrags: Umbenennung des Landkreises Csongr\u00e1d"},"content":{"rendered":"<p><strong>Der Kreis Csongr\u00e1d in S\u00fcdungarn werde ab dem 4. Juni in Kreis Csongr\u00e1d-Csan\u00e1d umbenannt, sagte ein Regierungskommissar am Montag.<\/strong><\/p>\n<p>Die Namens\u00e4nderung symbolisiert den Wunsch, Ungarn und die im Ersten Weltkrieg verlorenen Gebiete wieder zu vereinen <a href=\"https:\/\/dailynewshungary.com\/de\/der-grose-britische-zuguberfall-wie-eine-15-kopfige-bande-1963-26-millionen-pfund-stahl\/\" target=\"_blank\" rel=\"noopener noreferrer\">Friedensvertrag von Trianon<\/a>Das sagte T\u00fcnde Juh\u00e1sz in Szeged in S\u00fcdungarn und stellte dies fest<\/p>\n<blockquote>\n<p>Die \u00c4nderung wird mit dem hundertsten Jahrestag der Vertragsunterzeichnung wirksam.<\/p>\n<\/blockquote>\n<p>Das Parlament stimmte der vom damaligen Regierungschef J\u00e1nos L\u00e1z\u00e1r vorgeschlagenen Namens\u00e4nderung im Jahr 2017 einstimmig zu, stellte Juh\u00e1sz fest.<\/p>\n<p>Der Historiker P\u00e9ter Mikl\u00f3s sagte, der heute als Csongr\u00e1d bekannte Landkreis sei durch die Vereinigung der L\u00e4nder Csongr\u00e1d, Csan\u00e1d und Toront\u00e1l entstanden.<\/p>\n<blockquote>\n<p>Er stellte fest, dass die Namen Csongr\u00e1d und Csan\u00e1d bis zur Geburt des Staates Ungarn zur\u00fcckreichen, und sagte, es sei angebracht, den Namen Csan\u00e1d offiziell wiederherzustellen.<\/p>\n<\/blockquote>\n<p>Wie wir vor einigen Tagen geschrieben haben, hat die Abgeordnetenkammer, das Unterhaus des rum\u00e4nischen Parlaments, am 13. Mai einen Gesetzentwurf angenommen <a href=\"https:\/\/dailynewshungary.com\/de\/nato-verbundete-rumanien-hat-den-traurigsten-tag-der-ungarn-zum-nationalfeiertag-gemacht\/\" target=\"_blank\" rel=\"noopener noreferrer\">4. Juni, der Jahrestag des Friedensvertrags von Trianon, einem Nationalfeiertag in Rum\u00e4nien, lesen Sie HIER mehr<\/a>.<\/p>\n<ul>\n<li><a href=\"https:\/\/dailynewshungary.com\/de\/der-budapester-burgermeister-ruft-zu-einer-schweigeminute-anlasslich-des-hundertjahrigen-jubilaums-von-trianon-am-4-juni-auf\/\" target=\"_blank\" rel=\"noopener noreferrer\">Der Budapester B\u00fcrgermeister ruft zu einer Schweigeminute anl\u00e4sslich des hundertj\u00e4hrigen Jubil\u00e4ums von Trianon am 4. Juni auf<\/a><\/li>\n<\/ul>\n","protected":false},"excerpt":{"rendered":"<p>Der Kreis Csongr\u00e1d in S\u00fcdungarn werde ab dem 4. Juni in Kreis Csongr\u00e1d-Csan\u00e1d umbenannt, sagte ein Regierungskommissar am Montag. Die Namens\u00e4nderung symbolisiert den Wunsch, Ungarn und die im Ersten Weltkrieg verlorenen Gebiete wieder zu vereinen Friedensvertrag von TrianonDas sagte T\u00fcnde Juh\u00e1sz in Szeged in S\u00fcdungarn und stellte dies fest Die \u00c4nderung wird mit dem hundertsten [&hellip;]<\/p>\n","protected":false},"author":88,"featured_media":720437,"comment_status":"open","ping_status":"open","sticky":false,"template":"","format":"standard","meta":{"_acf_changed":false,"_display_image":"","footnotes":""},"categories":[1098],"tags":[1125,1484,1386,1076,1652],"class_list":["post-720436","post","type-post","status-publish","format-standard","has-post-thumbnail","hentry","category-gesellschaft","tag-geschichte","tag-serbien","tag-szeged","tag-ungarn","tag-vertrag-von-trianon"],"blocksy_meta":[],"acf":[],"author_username":"alpar.kato","telegram_post":"","public_post_metadata":{"breaking_news":"","important":"","csempe":"","center_tile":"","disable_thumbnail":"","target_lang":"","_featured_image_style":"","telegram_post":"","_xlat_group_id":""},"public_rank_math_data":{"title":"%title% %sep% %sitename%","description":"","focus_keyword":"","canonical_url":"","robots":"","primary_category":"1098","breadcrumb_title":"","facebook_title":"","facebook_description":"","facebook_image":"","facebook_image_id":"","twitter_title":"","twitter_description":"","twitter_image":"","twitter_image_id":"","twitter_card_type":"","twitter_use_facebook":"","advanced_robots":"","pillar_content":"","seo_score":"","contentai_score":"","rich_snippet":""},"_links":{"self":[{"href":"https:\/\/dailynewshungary.com\/de\/wp-json\/wp\/v2\/posts\/720436","targetHints":{"allow":["GET"]}}],"collection":[{"href":"https:\/\/dailynewshungary.com\/de\/wp-json\/wp\/v2\/posts"}],"about":[{"href":"https:\/\/dailynewshungary.com\/de\/wp-json\/wp\/v2\/types\/post"}],"author":[{"embeddable":true,"href":"https:\/\/dailynewshungary.com\/de\/wp-json\/wp\/v2\/users\/88"}],"replies":[{"embeddable":true,"href":"https:\/\/dailynewshungary.com\/de\/wp-json\/wp\/v2\/comments?post=720436"}],"version-history":[{"count":0,"href":"https:\/\/dailynewshungary.com\/de\/wp-json\/wp\/v2\/posts\/720436\/revisions"}],"wp:featuredmedia":[{"embeddable":true,"href":"https:\/\/dailynewshungary.com\/de\/wp-json\/wp\/v2\/media\/720437"}],"wp:attachment":[{"href":"https:\/\/dailynewshungary.com\/de\/wp-json\/wp\/v2\/media?parent=720436"}],"wp:term":[{"taxonomy":"category","embeddable":true,"href":"https:\/\/dailynewshungary.com\/de\/wp-json\/wp\/v2\/categories?post=720436"},{"taxonomy":"post_tag","embeddable":true,"href":"https:\/\/dailynewshungary.com\/de\/wp-json\/wp\/v2\/tags?post=720436"}],"curies":[{"name":"wp","href":"https:\/\/api.w.org\/{rel}","templated":true}]}}