{"id":720452,"date":"2020-05-24T20:30:00","date_gmt":"2020-05-24T18:30:00","guid":{"rendered":"https:\/\/dailynewshungary.com\/de\/der-budapester-burgermeister-ruft-zu-einer-schweigeminute-anlasslich-des-hundertjahrigen-jubilaums-von-trianon-am-4-juni-auf\/"},"modified":"2020-05-24T20:30:00","modified_gmt":"2020-05-24T18:30:00","slug":"der-budapester-burgermeister-ruft-zu-einer-schweigeminute-anlasslich-des-hundertjahrigen-jubilaums-von-trianon-am-4-juni-auf","status":"publish","type":"post","link":"https:\/\/dailynewshungary.com\/de\/der-budapester-burgermeister-ruft-zu-einer-schweigeminute-anlasslich-des-hundertjahrigen-jubilaums-von-trianon-am-4-juni-auf\/","title":{"rendered":"Der Budapester B\u00fcrgermeister ruft zu einer Schweigeminute anl\u00e4sslich des hundertj\u00e4hrigen Jubil\u00e4ums von Trianon am 4. Juni auf"},"content":{"rendered":"<p><strong>Der Budapester B\u00fcrgermeister Gergely Kar\u00e1csony hat vorgeschlagen, dass die Stadt am 4. Juni, dem 100. Jahrestag des Friedensvertrags von Trianon zum Abschluss des Ersten Weltkriegs, \u201ceine Minute anhalten\u201d soll.<\/strong><\/p>\n<p>In einem Facebook-Eintrag am Sonntag sagte Kar\u00e1csony, dass \u201cschlechte Entscheidungen in der fernen Vergangenheit wie auch in j\u00fcngster Zeit getroffen werden m\u00fcssen, nicht um alte Wunden zu bedecken, sondern um Chancen in Zukunft besser zu nutzen\u201d.<\/p>\n<p>Die Entscheidung von 1920 sei \u201crevoltierend ungerecht\u201d, ihre Unterzeichner h\u00e4tten \u201cdie Souver\u00e4nit\u00e4t der Nationen in den Griff bekommen\u201d, die sie beeinflusste, sagte Kar\u00e1csony und f\u00fcgte hinzu, dass Ungarn im Rahmen des Vertrags \u201czwei Drittel seines Territoriums und seines Nationaleinkommens entzogen\u201d werde. Er sagte, dass 3,5 Millionen ungarische Staatsangeh\u00f6rige Untertanen der umliegenden Staaten wurden, w\u00e4hrend 400.000 ihre Heimatl\u00e4nder verlassen mussten.<\/p>\n<blockquote class=\"wp-block-quote is-layout-flow wp-block-quote-is-layout-flow\">\n<p>\u201cWir gedenken auch jener Menschen, der ersten Fl\u00fcchtlinge Budapests, wenn wir \u00fcber Trianon sprechen\u201d, sagte der B\u00fcrgermeister.<\/p>\n<\/blockquote>\n<p>\u201cSchmerz sollte sich nicht in Hass verwandeln, und der Vergangenheit zu begegnen sollte nicht bedeuten, die Zukunft aufzugeben\u201d, sagte Kar\u00e1csony und forderte eine \u201cgemeinsame Gedenkfeier mindestens f\u00fcr eine Minute\u201d.<\/p>\n<p>Bez\u00fcglich der Politik Ungarns gegen\u00fcber ethnischen ungarischen Gemeinschaften in Gebieten, die 1920 an andere L\u00e4nder abgetreten wurden, sagte Kar\u00e1csony, dass Ungarn alle seine Mittel zur Unterst\u00fctzung ethnischer Angeh\u00f6riger einsetzen sollte, aber \u201ejede Tat oder jedes Wort, das als auf eine \u00c4nderung der Grenzen abzielend interpretiert werden k\u00f6nnte, muss verhindert werden.\u201c\u201d.<\/p>\n<p>Nach dem Plan des B\u00fcrgermeisters werden am 4. Juni um 4:30 Uhr alle \u00f6ffentlichen Verkehrsmittel Budapests f\u00fcr eine Minute unterbrochen. In seinem Beitrag forderte Kar\u00e1csony Autofahrer, Radfahrer und Fu\u00dfg\u00e4nger auf, diesem Beispiel zu folgen.<\/p>\n","protected":false},"excerpt":{"rendered":"<p>Der Budapester B\u00fcrgermeister Gergely Kar\u00e1csony hat vorgeschlagen, dass die Stadt am 4. Juni, dem 100. Jahrestag des Friedensvertrags von Trianon zum Abschluss des Ersten Weltkriegs, \u201ceine Minute anhalten\u201d soll. In einem Facebook-Eintrag am Sonntag sagte Kar\u00e1csony, dass \u201cschlechte Entscheidungen in der fernen Vergangenheit wie auch in j\u00fcngster Zeit getroffen werden m\u00fcssen, nicht um alte Wunden [&hellip;]<\/p>\n","protected":false},"author":33,"featured_media":720453,"comment_status":"open","ping_status":"open","sticky":false,"template":"","format":"standard","meta":{"_acf_changed":false,"_display_image":"","footnotes":""},"categories":[1098],"tags":[1111,1569,1144,1125,1076,1652],"class_list":["post-720452","post","type-post","status-publish","format-standard","has-post-thumbnail","hentry","category-gesellschaft","tag-budapest","tag-budapest-rat","tag-gedenken","tag-geschichte","tag-ungarn","tag-vertrag-von-trianon"],"blocksy_meta":[],"acf":[],"author_username":"ugyelet","telegram_post":"","public_post_metadata":{"breaking_news":"","important":"","csempe":"","center_tile":"","disable_thumbnail":"","target_lang":"","_featured_image_style":"","telegram_post":"","_xlat_group_id":""},"public_rank_math_data":{"title":"%title% %sep% %sitename%","description":"","focus_keyword":"","canonical_url":"","robots":"","primary_category":"1098","breadcrumb_title":"","facebook_title":"","facebook_description":"","facebook_image":"","facebook_image_id":"","twitter_title":"","twitter_description":"","twitter_image":"","twitter_image_id":"","twitter_card_type":"","twitter_use_facebook":"","advanced_robots":"","pillar_content":"","seo_score":"","contentai_score":"","rich_snippet":""},"_links":{"self":[{"href":"https:\/\/dailynewshungary.com\/de\/wp-json\/wp\/v2\/posts\/720452","targetHints":{"allow":["GET"]}}],"collection":[{"href":"https:\/\/dailynewshungary.com\/de\/wp-json\/wp\/v2\/posts"}],"about":[{"href":"https:\/\/dailynewshungary.com\/de\/wp-json\/wp\/v2\/types\/post"}],"author":[{"embeddable":true,"href":"https:\/\/dailynewshungary.com\/de\/wp-json\/wp\/v2\/users\/33"}],"replies":[{"embeddable":true,"href":"https:\/\/dailynewshungary.com\/de\/wp-json\/wp\/v2\/comments?post=720452"}],"version-history":[{"count":0,"href":"https:\/\/dailynewshungary.com\/de\/wp-json\/wp\/v2\/posts\/720452\/revisions"}],"wp:featuredmedia":[{"embeddable":true,"href":"https:\/\/dailynewshungary.com\/de\/wp-json\/wp\/v2\/media\/720453"}],"wp:attachment":[{"href":"https:\/\/dailynewshungary.com\/de\/wp-json\/wp\/v2\/media?parent=720452"}],"wp:term":[{"taxonomy":"category","embeddable":true,"href":"https:\/\/dailynewshungary.com\/de\/wp-json\/wp\/v2\/categories?post=720452"},{"taxonomy":"post_tag","embeddable":true,"href":"https:\/\/dailynewshungary.com\/de\/wp-json\/wp\/v2\/tags?post=720452"}],"curies":[{"name":"wp","href":"https:\/\/api.w.org\/{rel}","templated":true}]}}