{"id":720796,"date":"2020-05-14T07:30:00","date_gmt":"2020-05-14T05:30:00","guid":{"rendered":"https:\/\/dailynewshungary.com\/de\/nato-verbundete-rumanien-hat-den-traurigsten-tag-der-ungarn-zum-nationalfeiertag-gemacht\/"},"modified":"2020-05-14T07:30:00","modified_gmt":"2020-05-14T05:30:00","slug":"nato-verbundete-rumanien-hat-den-traurigsten-tag-der-ungarn-zum-nationalfeiertag-gemacht","status":"publish","type":"post","link":"https:\/\/dailynewshungary.com\/de\/nato-verbundete-rumanien-hat-den-traurigsten-tag-der-ungarn-zum-nationalfeiertag-gemacht\/","title":{"rendered":"NATO-Verb\u00fcndete: Rum\u00e4nien hat den traurigsten Tag der Ungarn zum Nationalfeiertag gemacht!"},"content":{"rendered":"<p><strong>Die Abgeordnetenkammer, die das Unterhaus des rum\u00e4nischen Parlaments ist, hat gestern einen Gesetzentwurf angenommen, der den 4. Juni, den Jahrestag des Friedensvertrags von Trianon, zum Nationalfeiertag in Rum\u00e4nien machte, der Vertrag trennte 2\/3 der ehemaligen ungarischen Gebiete und machte mehr als 3 Millionen Ungarn zu B\u00fcrgern feindlicher Nachbarl\u00e4nder, ihre Sprach, Bildungs &#8211; und Kulturrechte werden immer noch nicht respektiert, und ihre wirtschaftliche Entwicklung wird mit allen Mitteln behindert.&nbsp;&nbsp;<\/strong><\/p>\n<p>Nach <a href=\"https:\/\/www.maszol.ro\/index.php\/belfold\/126706-a-trianoni-szerz-des-napjava-nyilvanitotta-junius-4-et-a-parlament\" target=\"_blank\" rel=\"noopener\">maszol.ro<\/a>Das Gesetz ermutigt alle, Gedenkfeiern abzuhalten, und alle lokalen und staatlichen Beh\u00f6rden m\u00fcssen den Organisatoren dabei mit finanzieller und logistischer Unterst\u00fctzung helfen. Dar\u00fcber hinaus m\u00fcssen \u00f6ffentliche Medien \u00fcber solche kulturellen, p\u00e4dagogischen und akademischen Veranstaltungen berichten<\/p>\n<blockquote>\n<p><span style=\"color: #0000ff;\">Die Flagge Rum\u00e4niens muss \u00fcberall im Land gehisst werden.<\/span><\/p>\n<\/blockquote>\n<p>Im Fall des Gesetzentwurfs war es die Abgeordnetenkammer, die die Entscheidung traf (noch nicht der Senat).Nur die 21 ungarischen Abgeordneten des Parlaments (von UDMR-RMDSZ) stimmten dagegen, w\u00e4hrend es 25 Enthaltungen von der USR gab. Save Romania Union. Daher bedarf es nur der Unterschrift des Pr\u00e4sidenten.Die beiden Manager des Gesetzentwurfs waren Titus Corl\u0103\u00e9an, ehemaliger Au\u00dfenminister (derzeit sozialdemokratischer Senator) und eserban Nicolae, der Vorsitzende der sozialdemokratischen Fraktion im Senat.<\/p>\n<ul>\n<li><a href=\"https:\/\/dailynewshungary.com\/de\/der-parlamentsausschuss-verurteilt-die-auserungen-des-rumanischen-prasidenten-zur-ungarischen-minderheit\/\">Der Parlamentsausschuss verurteilt die \u00c4u\u00dferungen des rum\u00e4nischen Pr\u00e4sidenten zur ungarischen Minderheit<\/a><\/li>\n<li><a href=\"https:\/\/dailynewshungary.com\/de\/der-rumanische-prasident-iohannis-startet-einen-offenen-angriff-gegen-die-sprachrechte-nationaler-minderheiten\/\">Der rum\u00e4nische Pr\u00e4sident Iohannis startet einen offenen Angriff gegen die Sprachrechte nationaler Minderheiten<\/a><\/li>\n<li><a href=\"https:\/\/dailynewshungary.com\/de\/unglaublich-rumanischer-prasident-griff-in-siebenburgen-lebende-ungarn-aggressiv-an-hier-ist-die-antwort-des-ausenministeriums\/\">Unglaublich: Rum\u00e4nischer Pr\u00e4sident griff in Siebenb\u00fcrgen lebende Ungarn aggressiv an. \u201eHier ist die Antwort des Au\u00dfenministeriums<\/a><\/li>\n<\/ul>\n<p>Herr Corl\u0103 ean sagte, dass ihr Gesetzentwurf nicht gegen eine der Minderheiten sei. Der Vertrag bedeutete jedoch die internationale Akzeptanz der neuen Grenzen Gro\u00dfrum\u00e4niens, daher lohnt es sich zu feiern. Daniel Gheorghe von der nationalliberalen Partei (PNL) sagte, dass Ungar<\/p>\n<blockquote>\n<p><span style=\"color: #0000ff;\">Premierminister Viktor Orb\u00e1n sollte in seinem B\u00fcro die Karten \u00e4ndern<\/span><\/p>\n<\/blockquote>\n<p>und akzeptieren, dass alle Versuche, die Ante-Trianon-Grenzen wiederherzustellen, \u201esind\u201c<em>Veraltet, unfair und l\u00e4cherlich.<\/em>\u201c<\/p>\n<figure id=\"attachment_323049\" aria-describedby=\"caption-attachment-323049\" style=\"width: 450px\" class=\"wp-caption aligncenter\"><img loading=\"lazy\" decoding=\"async\" class=\"wp-image-323049\" src=\"https:\/\/dailynewshungary.com\/wp-content\/uploads\/2020\/05\/Hungary-map-1024x682.jpg\" alt=\"Ungarn Karte Trianon\" width=\"450\" height=\"300\" srcset=\"https:\/\/contentf5.dailynewshungary.com\/wp-content\/uploads\/2020\/05\/Hungary-map-1024x682.jpg 1024w, https:\/\/contentf5.dailynewshungary.com\/wp-content\/uploads\/2020\/05\/Hungary-map-300x200.jpg 300w, https:\/\/contentf5.dailynewshungary.com\/wp-content\/uploads\/2020\/05\/Hungary-map-768x512.jpg 768w, https:\/\/contentf5.dailynewshungary.com\/wp-content\/uploads\/2020\/05\/Hungary-map-1536x1024.jpg 1536w, https:\/\/contentf5.dailynewshungary.com\/wp-content\/uploads\/2020\/05\/Hungary-map-800x533.jpg 800w, https:\/\/contentf5.dailynewshungary.com\/wp-content\/uploads\/2020\/05\/Hungary-map-1160x773.jpg 1160w, https:\/\/contentf5.dailynewshungary.com\/wp-content\/uploads\/2020\/05\/Hungary-map.jpg 2000w\" sizes=\"auto, (max-width: 450px) 100vw, 450px\"><figcaption id=\"caption-attachment-323049\" class=\"wp-caption-text\">Dies ist der Globus, mit dem Premierminister Viktor Orb\u00e1n den Sch\u00fclern, die die Abschlusspr\u00fcfung f\u00fcr Geschichte ablegen, viel Gl\u00fcck w\u00fcnschte. Rum\u00e4nische Politiker waren emp\u00f6rt, weil Ungarn mit seinen fr\u00fcheren Grenzen darauf dargestellt wird. facebook.com\/orbanviktor<\/figcaption><\/figure>\n<p>Laut Hunor Kelemen, Pr\u00e4sident der Demokratischen Allianz der Ungarn in Rum\u00e4nien (RMDSZ), ist das Gesetz umsonst gut und nur ein Teil des Wettbewerbs des Antiungarismus, den Klaus Iohannis, Pr\u00e4sident Rum\u00e4niens, vor drei Wochen begann er <a href=\"https:\/\/dailynewshungary.com\/de\/unglaublich-rumanischer-prasident-griff-in-siebenburgen-lebende-ungarn-aggressiv-an-hier-ist-die-antwort-des-ausenministeriums\/\">Ungarischen Gemeinde angegriffen<\/a>. Er f\u00fcgte hinzu, dass eine Nation, wenn sie stark und selbstbewusst ist, keine Situationen schaffen muss, in denen sich Minderheiten gedem\u00fctigt f\u00fchlen m\u00fcssen.&nbsp;<\/p>\n<p>Er r\u00e4umte ein, dass das, was vor fast 100 Jahren geschah, eine gro\u00dfe Freude f\u00fcr die Rum\u00e4nen, aber ein erheblicher Verlust f\u00fcr alle Ungarn sei, sodass sie es nicht wie sie feiern k\u00f6nnen, egal welche Gesetze sie erlassen. Herr Kelemen betonte das<\/p>\n<blockquote>\n<p><span style=\"color: #0000ff;\">\u00dcberall auf der Welt lebende Ungarn sind Teil der ungarischen Nation, aber ihre nationale Solidarit\u00e4t und ihr Verantwortungsgef\u00fchl richten sich gegen niemanden. <\/span><\/p>\n<\/blockquote>\n<p>Er f\u00fcgte hinzu, dass alle in Rum\u00e4nien lebenden Ungarn akzeptierten, dass Rum\u00e4nien ihre Heimat sei und sie sich und ihren Kindern dort eine Zukunft aufbauen wollen Doch wie sie sich f\u00fchlen, h\u00e4ngt von der Mehrheit ab, von den Rum\u00e4nen.&nbsp;<\/p>\n","protected":false},"excerpt":{"rendered":"<p>Die Abgeordnetenkammer, die das Unterhaus des rum\u00e4nischen Parlaments ist, hat gestern einen Gesetzentwurf angenommen, der den 4. Juni, den Jahrestag des Friedensvertrags von Trianon, zum Nationalfeiertag in Rum\u00e4nien machte, der Vertrag trennte 2\/3 der ehemaligen ungarischen Gebiete und machte mehr als 3 Millionen Ungarn zu B\u00fcrgern feindlicher Nachbarl\u00e4nder, ihre Sprach, Bildungs &#8211; und Kulturrechte werden [&hellip;]<\/p>\n","protected":false},"author":18,"featured_media":720797,"comment_status":"open","ping_status":"open","sticky":false,"template":"","format":"standard","meta":{"_acf_changed":false,"_display_image":"","footnotes":""},"categories":[1098],"tags":[1125,1658,1425,1076,1652],"class_list":["post-720796","post","type-post","status-publish","format-standard","has-post-thumbnail","hentry","category-gesellschaft","tag-geschichte","tag-parlament","tag-rumanien","tag-ungarn","tag-vertrag-von-trianon"],"blocksy_meta":[],"acf":[],"author_username":"johnwoods","telegram_post":"","public_post_metadata":{"breaking_news":"","important":"","csempe":"","center_tile":"","disable_thumbnail":"","target_lang":"","_featured_image_style":"","telegram_post":"","_xlat_group_id":""},"public_rank_math_data":{"title":"%title% %sep% %sitename%","description":"","focus_keyword":"","canonical_url":"","robots":"","primary_category":"1098","breadcrumb_title":"","facebook_title":"","facebook_description":"","facebook_image":"","facebook_image_id":"","twitter_title":"","twitter_description":"","twitter_image":"","twitter_image_id":"","twitter_card_type":"","twitter_use_facebook":"","advanced_robots":"","pillar_content":"","seo_score":"","contentai_score":"","rich_snippet":""},"_links":{"self":[{"href":"https:\/\/dailynewshungary.com\/de\/wp-json\/wp\/v2\/posts\/720796","targetHints":{"allow":["GET"]}}],"collection":[{"href":"https:\/\/dailynewshungary.com\/de\/wp-json\/wp\/v2\/posts"}],"about":[{"href":"https:\/\/dailynewshungary.com\/de\/wp-json\/wp\/v2\/types\/post"}],"author":[{"embeddable":true,"href":"https:\/\/dailynewshungary.com\/de\/wp-json\/wp\/v2\/users\/18"}],"replies":[{"embeddable":true,"href":"https:\/\/dailynewshungary.com\/de\/wp-json\/wp\/v2\/comments?post=720796"}],"version-history":[{"count":0,"href":"https:\/\/dailynewshungary.com\/de\/wp-json\/wp\/v2\/posts\/720796\/revisions"}],"wp:featuredmedia":[{"embeddable":true,"href":"https:\/\/dailynewshungary.com\/de\/wp-json\/wp\/v2\/media\/720797"}],"wp:attachment":[{"href":"https:\/\/dailynewshungary.com\/de\/wp-json\/wp\/v2\/media?parent=720796"}],"wp:term":[{"taxonomy":"category","embeddable":true,"href":"https:\/\/dailynewshungary.com\/de\/wp-json\/wp\/v2\/categories?post=720796"},{"taxonomy":"post_tag","embeddable":true,"href":"https:\/\/dailynewshungary.com\/de\/wp-json\/wp\/v2\/tags?post=720796"}],"curies":[{"name":"wp","href":"https:\/\/api.w.org\/{rel}","templated":true}]}}