{"id":721026,"date":"2020-05-07T09:30:00","date_gmt":"2020-05-07T07:30:00","guid":{"rendered":"https:\/\/dailynewshungary.com\/de\/premierminister-orban-und-prasident-trump-begrusen-die-politischen-und-wirtschaftlichen-beziehungen-zwischen-den-beiden-landern\/"},"modified":"2020-05-07T09:30:00","modified_gmt":"2020-05-07T07:30:00","slug":"premierminister-orban-und-prasident-trump-begrusen-die-politischen-und-wirtschaftlichen-beziehungen-zwischen-den-beiden-landern","status":"publish","type":"post","link":"https:\/\/dailynewshungary.com\/de\/premierminister-orban-und-prasident-trump-begrusen-die-politischen-und-wirtschaftlichen-beziehungen-zwischen-den-beiden-landern\/","title":{"rendered":"Premierminister Orb\u00e1n und Pr\u00e4sident Trump begr\u00fc\u00dfen die politischen und wirtschaftlichen Beziehungen zwischen den beiden L\u00e4ndern"},"content":{"rendered":"<p><strong>Premierminister Viktor Orb\u00e1n habe am Mittwochnachmittag Gespr\u00e4che mit US-Pr\u00e4sident Donald Trump gef\u00fchrt, berichtete der Pressechef des PremierministersDie Gespr\u00e4che konzentrierten sich auf die Bedeutung der Grenzkontrolle, der <a href=\"https:\/\/dailynewshungary.com\/de\/der-grose-britische-zuguberfall-wie-eine-15-kopfige-bande-1963-26-millionen-pfund-stahl\/\">Coronavirus-pr\u00e4vention<\/a>\u201eBertalan Havasi ging nicht nur gegen die Auswirkungen der Epidemie vor, sondern sagte auch gegen\u00fcber MTI.<\/strong><\/p>\n<p>Orb\u00e1n und Trump begr\u00fc\u00dften, dass die politischen und wirtschaftlichen Beziehungen zwischen den beiden L\u00e4ndern weiterhin ausgezeichnet seien, sagte er.<\/p>\n<p>Nach Angaben des Wei\u00dfen Hauses waren sich die beiden Staats- und Regierungschefs einig, dass sich beide V\u00f6lker inmitten der Epidemie nach einer sicheren Wiederer\u00f6ffnung ihrer Gemeinschaften und einer R\u00fcckkehr an den Arbeitsplatz sehnen.<\/p>\n<p>Die Gespr\u00e4che ber\u00fchrten auch die Sicherheit der Telekommunikation sowie die Notwendigkeit einer Diversifizierung der Lieferketten und des Schutzes der kritischen Infrastruktur, f\u00fcgte das Wei\u00dfe Haus hinzu.<\/p>\n","protected":false},"excerpt":{"rendered":"<p>Premierminister Viktor Orb\u00e1n habe am Mittwochnachmittag Gespr\u00e4che mit US-Pr\u00e4sident Donald Trump gef\u00fchrt, berichtete der Pressechef des PremierministersDie Gespr\u00e4che konzentrierten sich auf die Bedeutung der Grenzkontrolle, der Coronavirus-pr\u00e4vention\u201eBertalan Havasi ging nicht nur gegen die Auswirkungen der Epidemie vor, sondern sagte auch gegen\u00fcber MTI. Orb\u00e1n und Trump begr\u00fc\u00dften, dass die politischen und wirtschaftlichen Beziehungen zwischen den beiden [&hellip;]<\/p>\n","protected":false},"author":46,"featured_media":0,"comment_status":"open","ping_status":"open","sticky":false,"template":"","format":"standard","meta":{"_acf_changed":false,"_display_image":"","footnotes":""},"categories":[1101],"tags":[1076,1157,1128,1104],"class_list":["post-721026","post","type-post","status-publish","format-standard","hentry","category-flashnews","tag-ungarn","tag-vereinigte-staaten","tag-viktor-orban","tag-wirtschaft"],"blocksy_meta":[],"acf":[],"author_username":"barbara.smn","telegram_post":"","public_post_metadata":{"breaking_news":"","important":"","csempe":"","center_tile":"","disable_thumbnail":"","target_lang":"","_featured_image_style":"","telegram_post":"","_xlat_group_id":""},"public_rank_math_data":{"title":"%title% %sep% %sitename%","description":"","focus_keyword":"","canonical_url":"","robots":"","primary_category":"1101","breadcrumb_title":"","facebook_title":"","facebook_description":"","facebook_image":"","facebook_image_id":"","twitter_title":"","twitter_description":"","twitter_image":"","twitter_image_id":"","twitter_card_type":"","twitter_use_facebook":"","advanced_robots":"","pillar_content":"","seo_score":"","contentai_score":"","rich_snippet":""},"_links":{"self":[{"href":"https:\/\/dailynewshungary.com\/de\/wp-json\/wp\/v2\/posts\/721026","targetHints":{"allow":["GET"]}}],"collection":[{"href":"https:\/\/dailynewshungary.com\/de\/wp-json\/wp\/v2\/posts"}],"about":[{"href":"https:\/\/dailynewshungary.com\/de\/wp-json\/wp\/v2\/types\/post"}],"author":[{"embeddable":true,"href":"https:\/\/dailynewshungary.com\/de\/wp-json\/wp\/v2\/users\/46"}],"replies":[{"embeddable":true,"href":"https:\/\/dailynewshungary.com\/de\/wp-json\/wp\/v2\/comments?post=721026"}],"version-history":[{"count":0,"href":"https:\/\/dailynewshungary.com\/de\/wp-json\/wp\/v2\/posts\/721026\/revisions"}],"wp:attachment":[{"href":"https:\/\/dailynewshungary.com\/de\/wp-json\/wp\/v2\/media?parent=721026"}],"wp:term":[{"taxonomy":"category","embeddable":true,"href":"https:\/\/dailynewshungary.com\/de\/wp-json\/wp\/v2\/categories?post=721026"},{"taxonomy":"post_tag","embeddable":true,"href":"https:\/\/dailynewshungary.com\/de\/wp-json\/wp\/v2\/tags?post=721026"}],"curies":[{"name":"wp","href":"https:\/\/api.w.org\/{rel}","templated":true}]}}