{"id":721248,"date":"2020-04-30T08:30:00","date_gmt":"2020-04-30T06:30:00","guid":{"rendered":"https:\/\/dailynewshungary.com\/de\/unglaublich-rumanischer-prasident-griff-in-siebenburgen-lebende-ungarn-aggressiv-an-hier-ist-die-antwort-des-ausenministeriums\/"},"modified":"2020-04-30T08:30:00","modified_gmt":"2020-04-30T06:30:00","slug":"unglaublich-rumanischer-prasident-griff-in-siebenburgen-lebende-ungarn-aggressiv-an-hier-ist-die-antwort-des-ausenministeriums","status":"publish","type":"post","link":"https:\/\/dailynewshungary.com\/de\/unglaublich-rumanischer-prasident-griff-in-siebenburgen-lebende-ungarn-aggressiv-an-hier-ist-die-antwort-des-ausenministeriums\/","title":{"rendered":"Unglaublich: Rum\u00e4nischer Pr\u00e4sident griff in Siebenb\u00fcrgen lebende Ungarn aggressiv an. \u201eHier ist die Antwort des Au\u00dfenministeriums"},"content":{"rendered":"<p><strong>Der rum\u00e4nische Pr\u00e4sident Klaus Iohannis sagte in einem Interview am heutigen Tag, dass die Sozialdemokraten (PSD) Siebenb\u00fcrgen an Ungarn zur\u00fcckgeben wollen und fragte PSD-Chef Marcel Ciolacu, was ihnen der ungarische Premierminister Viktor Orb\u00e1n im Gegenzug versprochen habeDer ungarische UKW-Peter Szijj\u00e1rt\u00f3 antwortete, dass Pr\u00e4sident Iohannis den Ungarn mehr Respekt entgegenbringen sollteDer Grund f\u00fcr das ganze Thema f\u00e4llt fast in die Kategorie der Tragikom\u00f6die. Details unten.<\/strong><\/p>\n<p>In Rum\u00e4nien (meist in Siebenb\u00fcrgen) lebende Ungarn wissen bereits, dass die rum\u00e4nische politische Elite sie und den Kampf um ihre Rechte in ihrem innenpolitischen Gefecht einsetztDie gestrigen Behauptungen von Klaus Iohannis sind jedoch einzigartig, da er amtierender Pr\u00e4sident des Landes ist, zun\u00e4chst einmal ist er ein nationalliberaler Politiker, der 2019 wiedergew\u00e4hlt wurde, aber er hat keine Parlamentsmehrheit, die den Sozialdemokraten geh\u00f6rt Auch wenn Umfragen darauf hindeuten, dass die PSD im rum\u00e4nischen Parlament nicht wieder eine Mehrheit erreichen w\u00fcrde, konnten sie noch keine vorgezogene Parlamentswahl durchf\u00fchren Daher nutzt er jede Gelegenheit, um die PSD zu schikanieren.<\/p>\n<p>Es sei vorgestern geschehen, dass die Kammer einem Entwurf eines Abgeordnetengesetzes zugestimmt habe, weil das Gremium nicht rechtzeitig dar\u00fcber beraten konnteDas \u201cProblem\u201d sei, dass es sich um das Autonomiestatut der sog<\/p>\n<blockquote>\n<p><span style=\"color: #0000ff;\">Szeklerland ist eine Region in Zentralrum\u00e4nien, in der fast 700 Tausend Ungarn in einem Block leben <\/span><\/p>\n<\/blockquote>\n<p>Aber das offizielle Rum\u00e4nien erkennt es nicht an. Die F\u00fchrer der PSD gaben sofort zu, dass sie es im Senat nicht unterst\u00fctzen w\u00fcrden, also wird es kurz gesagt get\u00f6tet. Der rum\u00e4nische Pr\u00e4sident st\u00fcrzte das Thema jedoch sofort.<\/p>\n<ul>\n<li><a href=\"https:\/\/dailynewshungary.com\/news_to_go\/coronavirus-additional-crossing-opens-to-commuters-on-hungary-romania-border\/\">Coronavirus-Hintergrund F\u00fcr Pendler an der Grenze zwischen Ungarn und Rum\u00e4nien wird ein zus\u00e4tzlicher Grenz\u00fcbergang ge\u00f6ffnet<\/a><\/li>\n<li><a href=\"https:\/\/dailynewshungary.com\/de\/rumanische-regierung-verliert-misstrauensantrag\/\">Rum\u00e4nische Regierung verliert Misstrauensantrag<\/a><\/li>\n<li><a href=\"https:\/\/dailynewshungary.com\/de\/ungarische-minderheit-beleidigt-rumanien-um-den-tag-des-friedensvertrags-von-trianon-zu-schliesen\/\">Ungarische Minderheit beleidigt \u2013 Rum\u00e4nien, um den Tag des Friedensvertrags von Trianon zu schlie\u00dfen?<\/a><\/li>\n<\/ul>\n<p>Klaus Iohannis sagte in einem Interview, dass die rum\u00e4nischen Sozialdemokraten \u201c<em>K\u00e4mpfen, Siebenb\u00fcrgen an die Ungarn zu \u00fcbergeben.<\/em>\u201c\u201d Iohannis warf daraufhin die Frage auf, was der ungarische Ministerpr\u00e4sident Viktor Orban \u201cbekommt<em>Gegen eine Vereinbarung h\u00e4tte anbieten k\u00f6nnen.<\/em>\u201cEr f\u00fcgte hinzu, dass die PSD im Kampf gegen die Coronavirus-Epidemie Siebenb\u00fcrgen gerne an die Ungarn \u00fcbergeben w\u00fcrde \u2013 <a href=\"https:\/\/itthon.transindex.ro\/?hir=59652&amp;johannis_hihetetlen%21_mig_mi_a_jarvany_ellen_harcolunk_a_psd_a_magyaroknak_akarja_adni_erdelyt\" target=\"_blank\" rel=\"noopener\">transindex.ro berichtet<\/a>. Dar\u00fcber hinaus hat er dies w\u00e4hrend seiner Pr\u00e4sidentschaft klargestellt<\/p>\n<blockquote>\n<p><span style=\"color: #0000ff;\">Ein solches Gesetz, das dem Szeklerland Autonomie gew\u00e4hrt, wird niemals akzeptiert.<\/span><\/p>\n<\/blockquote>\n<p>Es scheint, dass Iohannis sich nicht daran st\u00f6rte, dass Marcel Ciolacu, Vorsitzender der PSD, der Presse am fr\u00fchen Dienstag sagte, dass sie den Gesetzentwurf im Senat nicht akzeptieren w\u00fcrden, und dass sie daf\u00fcr eine Dringlichkeitssitzung einberufen h\u00e4tten.<\/p>\n<p>Ciolacu hielt sein Versprechen, da das Oberhaus des rum\u00e4nischen Parlaments den Gesetzesentwurf am Mittwoch \u2013 abgelehnt hatte <a href=\"https:\/\/infostart.hu\/kulfold\/2020\/04\/29\/elutasitotta-a-roman-szenatus-a-szekelyfoldnek-autonomiat-eloiranyzo-torvenytervezetet\" target=\"_blank\" rel=\"noopener\">sagt infostart.hu<\/a>.<\/p>\n<p>Die Behauptungen von Iohannis sorgten jedoch f\u00fcr diplomatische Probleme zwischen den beiden L\u00e4ndern Der ungarische Au\u00dfenminister P\u00e9ter Szijj\u00e1rt\u00f3 sagte, dass die<\/p>\n<blockquote>\n<p><span style=\"color: #0000ff;\">Rum\u00e4nischer Pr\u00e4sident sollte \u201c<em>Ungarn mehr Respekt entgegenbringen.<\/em>\u201d <\/span><\/p>\n<\/blockquote>\n<p>Er f\u00fcgte hinzu, dass die Kommentare des Pr\u00e4sidenten \u201esogenannt\u201cwurden<em>Besonders unzivilisiert und k\u00f6nnte Hass sch\u00fcren.<\/em>\u201c\u00dcberdies r\u00e4umte er ein, dass die Interessen Ungarns in der Pflege guter Beziehungen zu Rum\u00e4nien liegen, sagte er und argumentierte, dass die beiden L\u00e4nder wichtige Wirtschaftspartner seienSiebenb\u00fcrgen und die Ungarn des Szeklerlandes h\u00e4tten auch ein begr\u00fcndetes Interesse an guten Beziehungen zwischen den beiden L\u00e4ndern \u201csagte er, hob aber hervor, dass die j\u00fcngsten Kommentare bestimmter rum\u00e4nischer Politiker \u201c<em>Machen Sie es schwierig, gute nachbarschaftliche Beziehungen aufrechtzuerhalten.<\/em>\u201c<\/p>\n","protected":false},"excerpt":{"rendered":"<p>Der rum\u00e4nische Pr\u00e4sident Klaus Iohannis sagte in einem Interview am heutigen Tag, dass die Sozialdemokraten (PSD) Siebenb\u00fcrgen an Ungarn zur\u00fcckgeben wollen und fragte PSD-Chef Marcel Ciolacu, was ihnen der ungarische Premierminister Viktor Orb\u00e1n im Gegenzug versprochen habeDer ungarische UKW-Peter Szijj\u00e1rt\u00f3 antwortete, dass Pr\u00e4sident Iohannis den Ungarn mehr Respekt entgegenbringen sollteDer Grund f\u00fcr das ganze Thema [&hellip;]<\/p>\n","protected":false},"author":18,"featured_media":721249,"comment_status":"open","ping_status":"open","sticky":false,"template":"","format":"standard","meta":{"_acf_changed":false,"_display_image":"","footnotes":""},"categories":[1098],"tags":[1169,2243,1425,1076,1130],"class_list":["post-721248","post","type-post","status-publish","format-standard","has-post-thumbnail","hentry","category-gesellschaft","tag-aussenministerium-von-ungarn","tag-coronavirus","tag-rumanien","tag-ungarn","tag-ungarn-im-ausland"],"blocksy_meta":[],"acf":[],"author_username":"johnwoods","telegram_post":"","public_post_metadata":{"breaking_news":"","important":"","csempe":"","center_tile":"","disable_thumbnail":"","target_lang":"","_featured_image_style":"","telegram_post":"","_xlat_group_id":""},"public_rank_math_data":{"title":"%title% %sep% %sitename%","description":"","focus_keyword":"","canonical_url":"","robots":"","primary_category":"1098","breadcrumb_title":"","facebook_title":"","facebook_description":"","facebook_image":"","facebook_image_id":"","twitter_title":"","twitter_description":"","twitter_image":"","twitter_image_id":"","twitter_card_type":"","twitter_use_facebook":"","advanced_robots":"","pillar_content":"","seo_score":"","contentai_score":"","rich_snippet":""},"_links":{"self":[{"href":"https:\/\/dailynewshungary.com\/de\/wp-json\/wp\/v2\/posts\/721248","targetHints":{"allow":["GET"]}}],"collection":[{"href":"https:\/\/dailynewshungary.com\/de\/wp-json\/wp\/v2\/posts"}],"about":[{"href":"https:\/\/dailynewshungary.com\/de\/wp-json\/wp\/v2\/types\/post"}],"author":[{"embeddable":true,"href":"https:\/\/dailynewshungary.com\/de\/wp-json\/wp\/v2\/users\/18"}],"replies":[{"embeddable":true,"href":"https:\/\/dailynewshungary.com\/de\/wp-json\/wp\/v2\/comments?post=721248"}],"version-history":[{"count":0,"href":"https:\/\/dailynewshungary.com\/de\/wp-json\/wp\/v2\/posts\/721248\/revisions"}],"wp:featuredmedia":[{"embeddable":true,"href":"https:\/\/dailynewshungary.com\/de\/wp-json\/wp\/v2\/media\/721249"}],"wp:attachment":[{"href":"https:\/\/dailynewshungary.com\/de\/wp-json\/wp\/v2\/media?parent=721248"}],"wp:term":[{"taxonomy":"category","embeddable":true,"href":"https:\/\/dailynewshungary.com\/de\/wp-json\/wp\/v2\/categories?post=721248"},{"taxonomy":"post_tag","embeddable":true,"href":"https:\/\/dailynewshungary.com\/de\/wp-json\/wp\/v2\/tags?post=721248"}],"curies":[{"name":"wp","href":"https:\/\/api.w.org\/{rel}","templated":true}]}}