{"id":721473,"date":"2020-04-23T18:00:00","date_gmt":"2020-04-23T16:00:00","guid":{"rendered":"https:\/\/dailynewshungary.com\/de\/tolle-neuigkeiten-die-pet-befi-brucke-und-der-boraros-platz-werden-in-budapest-renoviert\/"},"modified":"2020-04-23T18:00:00","modified_gmt":"2020-04-23T16:00:00","slug":"tolle-neuigkeiten-die-pet-befi-brucke-und-der-boraros-platz-werden-in-budapest-renoviert","status":"publish","type":"post","link":"https:\/\/dailynewshungary.com\/de\/tolle-neuigkeiten-die-pet-befi-brucke-und-der-boraros-platz-werden-in-budapest-renoviert\/","title":{"rendered":"Tolle Neuigkeiten! die Pet befi-Br\u00fccke und der Bor\u00e1ros-Platz werden in Budapest renoviert"},"content":{"rendered":"<p><strong>Das Zentrum f\u00fcr Budapester Verkehr (auf Ungarisch BKK abgek\u00fcrzt) k\u00fcndigte an, dass der Renovierung der Kettenbr\u00fccke m\u00f6glicherweise der Wiederaufbau der Pet fi-Br\u00fccke folgen werde. Der Entwicklung von Pl\u00e4nen f\u00fcr die Renovierung der Br\u00fccke und ihrer Umgebung wird eine umfassende Konsultation unter Beteiligung der Anwohner vorausgehen Am 22. April 2020 k\u00fcndigten sie eine \u00f6ffentliche Konsultation zum Wiederaufbau der Pet fi-Br\u00fccke und des Bor\u00e1ros-Platzes an. Die Antworten auf die verkehrsorientierten Fragen werden von der BKK bei der endg\u00fcltigen Ausarbeitung der Renovierungspl\u00e4ne verwendet.<\/strong><\/p>\n<p>Menschen k\u00f6nnen ihre Meinungen und Ideen zur Renovierung der Pet offi-Br\u00fccke, des Bor\u00e1ros-Platzes und seiner Umgebung dem vorlegen <em>bkk.hu\/fejleszteseink\/tarsadalmi-egyeztetes-petofi-hid-tersege\/<\/em> Website zwischen 22. April und 12. Mai 2020 <em><a rel=\"noreferrer noopener\" aria-label=\"portfolio (opens in a new tab)\" href=\"https:\/\/www.portfolio.hu\/ingatlan\/20200422\/a-lanchid-utan-felujitjak-a-petofi-hidat-es-a-boraros-teret-is-427554\" target=\"_blank\">Portfolio<\/a><\/em> Berichtet. wird die BKK die Ideen und Beobachtungen im Zusammenhang mit der aktuellen Situation w\u00e4hrend der Ausarbeitungsphase der endg\u00fcltigen Pl\u00e4ne verarbeiten, die als Grundlage f\u00fcr zuk\u00fcnftige Baupl\u00e4ne dienen werden.<\/p>\n<blockquote class=\"wp-block-quote is-layout-flow wp-block-quote-is-layout-flow\">\n<p>Die Ergebnisse der Beratung werden auf der Website der BKK verf\u00fcgbar sein, die Sanierungspl\u00e4ne werden voraussichtlich noch in diesem Herbst ver\u00f6ffentlicht. <\/p>\n<\/blockquote>\n<p>Die heutige Struktur der Pet fi-Br\u00fccke und ihrer Umgebung wurde Anfang der 1980 er Jahre entwickelt, damals war die Pet fi-Br\u00fccke die letzte Kreuzungsanlage an der Donau zwischen der Stadt und den \u00f6stlichen und westlichen Landesteilen, das an die Br\u00fccke angeschlossene Stra\u00dfennetz wurde entsprechend gestaltet, die Fahrbahnbreite wurde verbreitert, die Stra\u00dfenbahngleise wurden ersetzt.<\/p>\n<p>An den Br\u00fcckenk\u00f6pfen wurden Unterf\u00fchrungen f\u00fcr den Fu\u00dfg\u00e4ngerverkehr errichtet, am Bor\u00e1ros-Platz autobahnknotenartige Ausfahrten, somit entsprechen die Verbindungen und das Umfeld der Br\u00fccke nicht den aktuellen Anforderungen der Stadtplanung und &#8211; entwicklung, au\u00dferdem plant die BKK, den Verkehr auf der Stra\u00dfe K\u00f6zrakt\u00e1r zu reduzieren oder die Strecken H6 und H7 H\u00c9V (Budapester Eisenbahn von lokalem Interesse) auszubauen.<\/p>\n","protected":false},"excerpt":{"rendered":"<p>Das Zentrum f\u00fcr Budapester Verkehr (auf Ungarisch BKK abgek\u00fcrzt) k\u00fcndigte an, dass der Renovierung der Kettenbr\u00fccke m\u00f6glicherweise der Wiederaufbau der Pet fi-Br\u00fccke folgen werde. Der Entwicklung von Pl\u00e4nen f\u00fcr die Renovierung der Br\u00fccke und ihrer Umgebung wird eine umfassende Konsultation unter Beteiligung der Anwohner vorausgehen Am 22. April 2020 k\u00fcndigten sie eine \u00f6ffentliche Konsultation zum [&hellip;]<\/p>\n","protected":false},"author":45,"featured_media":721474,"comment_status":"open","ping_status":"open","sticky":false,"template":"","format":"standard","meta":{"_acf_changed":false,"_display_image":"","footnotes":""},"categories":[1098],"tags":[1240,1307,1111,1076,1145],"class_list":["post-721473","post","type-post","status-publish","format-standard","has-post-thumbnail","hentry","category-gesellschaft","tag-architektur","tag-bauwesen","tag-budapest","tag-ungarn","tag-verkehr"],"blocksy_meta":[],"acf":[],"author_username":"Csecseinori","telegram_post":"","public_post_metadata":{"breaking_news":"","important":"","csempe":"","center_tile":"","disable_thumbnail":"","target_lang":"","_featured_image_style":"","telegram_post":"","_xlat_group_id":""},"public_rank_math_data":{"title":"%title% %sep% %sitename%","description":"","focus_keyword":"","canonical_url":"","robots":"","primary_category":"1098","breadcrumb_title":"","facebook_title":"","facebook_description":"","facebook_image":"","facebook_image_id":"","twitter_title":"","twitter_description":"","twitter_image":"","twitter_image_id":"","twitter_card_type":"","twitter_use_facebook":"","advanced_robots":"","pillar_content":"","seo_score":"","contentai_score":"","rich_snippet":""},"_links":{"self":[{"href":"https:\/\/dailynewshungary.com\/de\/wp-json\/wp\/v2\/posts\/721473","targetHints":{"allow":["GET"]}}],"collection":[{"href":"https:\/\/dailynewshungary.com\/de\/wp-json\/wp\/v2\/posts"}],"about":[{"href":"https:\/\/dailynewshungary.com\/de\/wp-json\/wp\/v2\/types\/post"}],"author":[{"embeddable":true,"href":"https:\/\/dailynewshungary.com\/de\/wp-json\/wp\/v2\/users\/45"}],"replies":[{"embeddable":true,"href":"https:\/\/dailynewshungary.com\/de\/wp-json\/wp\/v2\/comments?post=721473"}],"version-history":[{"count":0,"href":"https:\/\/dailynewshungary.com\/de\/wp-json\/wp\/v2\/posts\/721473\/revisions"}],"wp:featuredmedia":[{"embeddable":true,"href":"https:\/\/dailynewshungary.com\/de\/wp-json\/wp\/v2\/media\/721474"}],"wp:attachment":[{"href":"https:\/\/dailynewshungary.com\/de\/wp-json\/wp\/v2\/media?parent=721473"}],"wp:term":[{"taxonomy":"category","embeddable":true,"href":"https:\/\/dailynewshungary.com\/de\/wp-json\/wp\/v2\/categories?post=721473"},{"taxonomy":"post_tag","embeddable":true,"href":"https:\/\/dailynewshungary.com\/de\/wp-json\/wp\/v2\/tags?post=721473"}],"curies":[{"name":"wp","href":"https:\/\/api.w.org\/{rel}","templated":true}]}}