{"id":722300,"date":"2020-03-31T15:20:00","date_gmt":"2020-03-31T13:20:00","guid":{"rendered":"https:\/\/dailynewshungary.com\/de\/coronavirus-ablauf-gyurcsany-fordert-die-regierung-auf-entgangene-einnahmen-aus-der-eu-epidemieunterstutzung-zu-kompensieren\/"},"modified":"2020-03-31T15:20:00","modified_gmt":"2020-03-31T13:20:00","slug":"coronavirus-ablauf-gyurcsany-fordert-die-regierung-auf-entgangene-einnahmen-aus-der-eu-epidemieunterstutzung-zu-kompensieren","status":"publish","type":"post","link":"https:\/\/dailynewshungary.com\/de\/coronavirus-ablauf-gyurcsany-fordert-die-regierung-auf-entgangene-einnahmen-aus-der-eu-epidemieunterstutzung-zu-kompensieren\/","title":{"rendered":"Coronavirus-Ablauf Gyurcs\u00e1ny fordert die Regierung auf, entgangene Einnahmen aus der EU-Epidemieunterst\u00fctzung zu kompensieren"},"content":{"rendered":"<p><strong>Der Vorsitzende der Demokratischen Koalition (DK), Ferenc Gyurcs\u00e1ny, hat die Regierung aufgefordert, 5,6 Milliarden Euro der Ungarn gew\u00e4hrten EU-Mittel f\u00fcr den Umgang mit dem neuartigen Coronavirus zu verwenden, um Ungarn zu entsch\u00e4digen, die arbeitslos sind.<\/strong><\/p>\n<p>Auf einer Online-Pressekonferenz sagte der linke Parteivorsitzende, die EU habe \u201czur Abwechslung\u201d schnell gehandelt, und das Geld k\u00f6nne innerhalb weniger Tage abgerufen werden, um entgangene Einkommen auszugleichenDie Regierung habe dagegen keine Schritte unternommen, sagte er.<\/p>\n<blockquote>\n<p>Gyurcs\u00e1ny forderte die Regierung auf, 80 Prozent des Lohns derjenigen zu zahlen, die aufgrund der Epidemie ihren Arbeitsplatz verlieren oder in unbezahlten Urlaub geschickt werden.<\/p>\n<\/blockquote>\n<p>Er bestand auch darauf, dass die Regierung mit der Reaktion auf die herannahende Epidemie zu sp\u00e4t gekommen seiEs sind immer noch nicht gen\u00fcgend Tests und Schutzausr\u00fcstung verf\u00fcgbar, betonte Gyurcs\u00e1ny.<\/p>\n<p>Unterdessen sagte der stellvertretende Fraktionsvorsitzende Gergely Arat\u00f3 auf einer separaten Pressekonferenz, dass DK dem Parlament einen Vorschlag vorlege, der es Steuerzahlern erlaube, 1 Prozent ihrer pers\u00f6nlichen Einkommenssteuern f\u00fcr neuartige Reaktionen auf das Coronavirus anzubieten.<\/p>\n<ul>\n<li><a href=\"https:\/\/dailynewshungary.com\/de\/coronavirus-in-ungarn-hier-sind-die-einzelheiten-der-todesfalle-durch-covid-19-aktualisierung\/\" target=\"_blank\" rel=\"noopener noreferrer\">Coronavirus in Ungarn \u2013 Hier sind die Einzelheiten der Todesf\u00e4lle durch Covid-19 \u2013 AKTUALISIERUNG<\/a><\/li>\n<\/ul>\n<p>Steuerzahler k\u00f6nnen derzeit 1 Prozent ihrer PIT an eine Stiftung und weitere 1 Prozent an eine eingetragene Kirche ihrer Wahl weiterleiten.<\/p>\n<blockquote>\n<p>DK schl\u00e4gt vor, dass weitere 1 Prozent f\u00fcr die Epidemie-Reaktion angeboten werden k\u00f6nnten, die \u201cviele Menschen in eine ausweglose Situation gebracht hatte\u201d, sagte Arat\u00f3.<\/p>\n<\/blockquote>\n<p>Arat\u00f3 sagte, lokale Beh\u00f6rden und zivile Organisationen k\u00e4mpften \u201cmit aller Kraft\u201d f\u00fcr den Schutz \u00e4lterer Menschen, Obdachloser und Familien, die zur Zeit der Coronavirus-Epidemie in tiefer Armut lebten.<\/p>\n<p>In Bezug auf staatliche Ma\u00dfnahmen sagte er, die Epidemiereaktion sei nicht nur eine Frage der Strafverfolgung oder des Milit\u00e4rs \u201cMitgef\u00fchl, Empathie und Menschlichkeit sind gefragter denn je\u201d, sagte er.<\/p>\n","protected":false},"excerpt":{"rendered":"<p>Der Vorsitzende der Demokratischen Koalition (DK), Ferenc Gyurcs\u00e1ny, hat die Regierung aufgefordert, 5,6 Milliarden Euro der Ungarn gew\u00e4hrten EU-Mittel f\u00fcr den Umgang mit dem neuartigen Coronavirus zu verwenden, um Ungarn zu entsch\u00e4digen, die arbeitslos sind. Auf einer Online-Pressekonferenz sagte der linke Parteivorsitzende, die EU habe \u201czur Abwechslung\u201d schnell gehandelt, und das Geld k\u00f6nne innerhalb weniger [&hellip;]<\/p>\n","protected":false},"author":2,"featured_media":722301,"comment_status":"open","ping_status":"open","sticky":false,"template":"","format":"standard","meta":{"_acf_changed":false,"_display_image":"","footnotes":""},"categories":[1281],"tags":[2243,1778,1222,1076],"class_list":["post-722300","post","type-post","status-publish","format-standard","has-post-thumbnail","hentry","category-geschaft","tag-coronavirus","tag-coronavirus-in-ungarn","tag-demokratische-koalition","tag-ungarn"],"blocksy_meta":[],"acf":[],"author_username":"alk","telegram_post":"","public_post_metadata":{"breaking_news":"no","important":"no","csempe":"no","center_tile":"no","disable_thumbnail":"","target_lang":"","_featured_image_style":"","telegram_post":"","_xlat_group_id":""},"public_rank_math_data":{"title":"%title% %sep% %sitename%","description":"","focus_keyword":"","canonical_url":"","robots":"","primary_category":"1281","breadcrumb_title":"","facebook_title":"","facebook_description":"","facebook_image":"","facebook_image_id":"","twitter_title":"","twitter_description":"","twitter_image":"","twitter_image_id":"","twitter_card_type":"","twitter_use_facebook":"","advanced_robots":"","pillar_content":"","seo_score":"","contentai_score":"","rich_snippet":""},"_links":{"self":[{"href":"https:\/\/dailynewshungary.com\/de\/wp-json\/wp\/v2\/posts\/722300","targetHints":{"allow":["GET"]}}],"collection":[{"href":"https:\/\/dailynewshungary.com\/de\/wp-json\/wp\/v2\/posts"}],"about":[{"href":"https:\/\/dailynewshungary.com\/de\/wp-json\/wp\/v2\/types\/post"}],"author":[{"embeddable":true,"href":"https:\/\/dailynewshungary.com\/de\/wp-json\/wp\/v2\/users\/2"}],"replies":[{"embeddable":true,"href":"https:\/\/dailynewshungary.com\/de\/wp-json\/wp\/v2\/comments?post=722300"}],"version-history":[{"count":0,"href":"https:\/\/dailynewshungary.com\/de\/wp-json\/wp\/v2\/posts\/722300\/revisions"}],"wp:featuredmedia":[{"embeddable":true,"href":"https:\/\/dailynewshungary.com\/de\/wp-json\/wp\/v2\/media\/722301"}],"wp:attachment":[{"href":"https:\/\/dailynewshungary.com\/de\/wp-json\/wp\/v2\/media?parent=722300"}],"wp:term":[{"taxonomy":"category","embeddable":true,"href":"https:\/\/dailynewshungary.com\/de\/wp-json\/wp\/v2\/categories?post=722300"},{"taxonomy":"post_tag","embeddable":true,"href":"https:\/\/dailynewshungary.com\/de\/wp-json\/wp\/v2\/tags?post=722300"}],"curies":[{"name":"wp","href":"https:\/\/api.w.org\/{rel}","templated":true}]}}