{"id":722897,"date":"2020-03-15T15:30:00","date_gmt":"2020-03-15T14:30:00","guid":{"rendered":"https:\/\/dailynewshungary.com\/de\/die-neue-marke-budapest-kommt-bald\/"},"modified":"2020-03-15T15:30:00","modified_gmt":"2020-03-15T14:30:00","slug":"die-neue-marke-budapest-kommt-bald","status":"publish","type":"post","link":"https:\/\/dailynewshungary.com\/de\/die-neue-marke-budapest-kommt-bald\/","title":{"rendered":"Die neue Marke Budapest kommt bald!"},"content":{"rendered":"<p><strong>Was in Bezug auf die neue Marke Budapest zu erwarten ist, verriet die neue Leiterin des Budapest Festival Tourism Center (BFTK), Csaba Faix.<\/strong><\/p>\n<p>Dieses Unternehmen organisiert unter anderem das Budapester Fr\u00fchlingsfest, das Caf\u00e9 Budapest Contemporary Art Festival sowie Weihnachts- und Ostermessen am V\u00f6r\u00f6smarty-Platz; w\u00e4hrend die geplante Schlie\u00dfung des Donaukais im Sommer ebenfalls BFTK geh\u00f6rt. Der neue Direktor wurde vom ungarischen Nachrichtenportal interviewt <em><a href=\"https:\/\/index.hu\/kultur\/2020\/03\/08\/faix_csaba_interju\/?fbclid=IwAR03JcsyMdSh-EurnQ91QUJ1nnRYBbTleDZGPqcPQb5Lj5Y19BnEWWPT8fY\" target=\"_blank\" rel=\"noopener noreferrer\">Index<\/a><\/em> \u00fcber das geplante Rebranding.<\/p>\n<h5>Donaukai<\/h5>\n<p>Der Kai soll ein offener Raum f\u00fcr die \u00d6ffentlichkeit werden, wo die Menschen in ihrer Freizeit ausgehen Daher werden dort keine Plage, Palmen, keine Festst\u00e4nde aufgestellt \u2013 \u2013 \u2013<\/p>\n<blockquote>\n<p>Wir m\u00f6chten zeigen, dass der Donaudamm auch f\u00fcr solche entspannenden Aktivit\u00e4ten wie Spazierengehen oder Trinken einer Limo im Sommer genutzt werden kann Eintritt ist kostenfrei!<\/p>\n<\/blockquote>\n<p>Die Er\u00f6ffnung der Liberty Bridge im vergangenen Sommer ist ein perfektes Beispiel daf\u00fcr, wie diese vor\u00fcbergehende \u00d6ffnung realisiert werden kann. \u00c4hnlich wie bei Programmen wie Yoga oder Spinning werden im Parlament Sportanlagen geschaffen; Allerdings m\u00fcssen wir auch auf die W\u00fcrde der Region achten. <strong><em>Vermutlich wird die diesj\u00e4hrige Er\u00f6ffnung des Donaukais an die Stelle treten <a href=\"https:\/\/dailynewshungary.com\/de\/fusganger-ubernehmen-diesen-sommer-zum-vierten-mal-die-liberty-bridge-fotos\/\" target=\"_blank\" rel=\"noopener noreferrer\">Picnics der letzten Jahre auf der Liberty Bridge.<\/a><\/em><\/strong><\/p>\n<h5>Touristisches Image<\/h5>\n<p><strong><em>Budapest gilt haupts\u00e4chlich als \u201cParteihauptstadt\u201d, die<\/em><\/strong> Da dies der bedeutendste Punkt des Tourismus der Stadt ist. Au\u00dferdem ist dies die Hauptquelle f\u00fcr Konflikte zwischen Einwohnern und Touristen. Wie w\u00e4re es dann mit der Schaffung eines neuen Bildes von Budapest? Dies ist definitiv der sichtbarste Teil des Budapester Tourismus, zentralisiert in der Innenstadt. Das Bild t\u00e4uscht jedoch als <em><strong>Auch Kulturtourismus und Konferenztourismus sind sehr wichtig, und diese Trends sollten in Zukunft verst\u00e4rkt werden, da viel weniger Menschen gest\u00f6rt werden.<\/strong><\/em> Es ist wichtig zu erw\u00e4hnen, dass alles schrittweise und Schritt f\u00fcr Schritt verwirklicht werden kann; Wir m\u00f6chten solche Ziele setzen, die erreicht werden k\u00f6nnen.&nbsp;<\/p>\n<blockquote>\n<p>Die Struktur des Budapester Tourismus kann modifiziert werden Eine sp\u00fcrbare Verschiebung hin zu h\u00f6herer Qualit\u00e4t ist im Falle von Hotels und der steigenden Anzahl von mit Michelin-Sternen ausgezeichneten Restaurants in der Stadt, kulturellen Veranstaltungen und den besuchten Orten zu erleben.&nbsp;<\/p>\n<\/blockquote>\n<p>Ein Reiseb\u00fcro in der Hauptstadt kann dazu beitragen, dies sichtbarer zu machen und die Aufmerksamkeit von Ausl\u00e4ndern durch verschiedene Filme und Werbekampagnen \u00fcber die Stadt zu lenken. Um dieses gemeinsame Ziel zu erreichen, m\u00f6chten wir mit der ungarischen Tourismusagentur zusammenarbeiten. <em><strong>Allerdings ist der Partytourismus in der ungarischen Hauptstadt immer noch ein wichtiges Ph\u00e4nomen.<\/strong><\/em><\/p>\n<h5>Zukunft des Parteibezirks<\/h5>\n<p>Was ist mit 7<sup>th<\/sup> Neue Managementpl\u00e4ne des Bezirks zur Regelung der \u00d6ffnungszeiten im Parteibezirk? laut Csaba Faix, <em><strong>Diese Bedingungen werden einigerma\u00dfen erf\u00fcllt sein. \u201eAu\u00dferdem bleiben die zentralen Orte nach Mitternacht ge\u00f6ffnet, funktionieren aber zivilisierter, ohne die Einheimischen zu st\u00f6ren.<\/strong><\/em> Er h\u00e4lt das f\u00fcr die richtige L\u00f6sung, bei der auch der Tourismus der Stadt nicht sinken wird.<\/p>\n<p><a class=\"dnh-embed-link\" href=\"https:\/\/dailynewshungary.com\/de\/strengste-regeln-die-im-budapester-parteiviertel-eingefuhrt-werden-sollen\/\"><\/p>\n<div class=\"dnh-embed\">\n<div class=\"dnh-embed-thumb\"><img loading=\"lazy\" decoding=\"async\" width=\"724\" height=\"461\" src=\"https:\/\/contentf5.dailynewshungary.com\/wp-content\/uploads\/2020\/03\/party-disctrict-hungary-budapest.jpg\" class=\"attachment-embed_thumbnail size-embed_thumbnail wp-post-image\" alt=\"Partei disctrict hungary budapest\" srcset=\"https:\/\/contentf5.dailynewshungary.com\/wp-content\/uploads\/2020\/03\/party-disctrict-hungary-budapest.jpg 724w, https:\/\/contentf5.dailynewshungary.com\/wp-content\/uploads\/2020\/03\/party-disctrict-hungary-budapest-300x191.jpg 300w\" sizes=\"auto, (max-width: 724px) 100vw, 724px\"><\/div>\n<h5 class=\"dnh-embed-title\"><span>Lesen Sie auch<\/span>Strengste Regeln, die im Budapester Parteiviertel eingef\u00fchrt werden sollen!<\/h5>\n<\/div>\n<p><\/a><\/p>\n<p>Csaba Faix verriet au\u00dferdem, dass das Unternehmen hoch engagierte Fachkr\u00e4fte besch\u00e4ftigt, die aus gro\u00dfen Multi-Unternehmen oder Start-ups stammenDer Aufbau einer Stadtmarke ist eine gro\u00dfartige Gelegenheit.<\/p>\n<blockquote>\n<p>Im Fall von Budapest sprechen wir von einer gro\u00dfartigen Stadt voller Energie und Potenziale, die sich auch in der neuen Marke widerspiegeln wird, das ist sicher!<\/p>\n<\/blockquote>\n","protected":false},"excerpt":{"rendered":"<p>Was in Bezug auf die neue Marke Budapest zu erwarten ist, verriet die neue Leiterin des Budapest Festival Tourism Center (BFTK), Csaba Faix. Dieses Unternehmen organisiert unter anderem das Budapester Fr\u00fchlingsfest, das Caf\u00e9 Budapest Contemporary Art Festival sowie Weihnachts- und Ostermessen am V\u00f6r\u00f6smarty-Platz; w\u00e4hrend die geplante Schlie\u00dfung des Donaukais im Sommer ebenfalls BFTK geh\u00f6rt. Der [&hellip;]<\/p>\n","protected":false},"author":37,"featured_media":722898,"comment_status":"open","ping_status":"open","sticky":false,"template":"","format":"standard","meta":{"_acf_changed":false,"_display_image":"","footnotes":""},"categories":[3552],"tags":[1111,1080,1706,1079,1076],"class_list":["post-722897","post","type-post","status-publish","format-standard","has-post-thumbnail","hentry","category-spezialungarisch","tag-budapest","tag-reisen","tag-stadtzentrum","tag-tourismus","tag-ungarn"],"blocksy_meta":[],"acf":[],"author_username":"T. Kitti","telegram_post":"","public_post_metadata":{"breaking_news":"","important":"","csempe":"","center_tile":"","disable_thumbnail":"","target_lang":"","_featured_image_style":"","telegram_post":"","_xlat_group_id":""},"public_rank_math_data":{"title":"%title% %sep% %sitename%","description":"","focus_keyword":"","canonical_url":"","robots":"","primary_category":"3552","breadcrumb_title":"","facebook_title":"","facebook_description":"","facebook_image":"","facebook_image_id":"","twitter_title":"","twitter_description":"","twitter_image":"","twitter_image_id":"","twitter_card_type":"","twitter_use_facebook":"","advanced_robots":"","pillar_content":"","seo_score":"","contentai_score":"","rich_snippet":""},"_links":{"self":[{"href":"https:\/\/dailynewshungary.com\/de\/wp-json\/wp\/v2\/posts\/722897","targetHints":{"allow":["GET"]}}],"collection":[{"href":"https:\/\/dailynewshungary.com\/de\/wp-json\/wp\/v2\/posts"}],"about":[{"href":"https:\/\/dailynewshungary.com\/de\/wp-json\/wp\/v2\/types\/post"}],"author":[{"embeddable":true,"href":"https:\/\/dailynewshungary.com\/de\/wp-json\/wp\/v2\/users\/37"}],"replies":[{"embeddable":true,"href":"https:\/\/dailynewshungary.com\/de\/wp-json\/wp\/v2\/comments?post=722897"}],"version-history":[{"count":0,"href":"https:\/\/dailynewshungary.com\/de\/wp-json\/wp\/v2\/posts\/722897\/revisions"}],"wp:featuredmedia":[{"embeddable":true,"href":"https:\/\/dailynewshungary.com\/de\/wp-json\/wp\/v2\/media\/722898"}],"wp:attachment":[{"href":"https:\/\/dailynewshungary.com\/de\/wp-json\/wp\/v2\/media?parent=722897"}],"wp:term":[{"taxonomy":"category","embeddable":true,"href":"https:\/\/dailynewshungary.com\/de\/wp-json\/wp\/v2\/categories?post=722897"},{"taxonomy":"post_tag","embeddable":true,"href":"https:\/\/dailynewshungary.com\/de\/wp-json\/wp\/v2\/tags?post=722897"}],"curies":[{"name":"wp","href":"https:\/\/api.w.org\/{rel}","templated":true}]}}