{"id":723832,"date":"2020-02-15T09:00:00","date_gmt":"2020-02-15T08:00:00","guid":{"rendered":"https:\/\/dailynewshungary.com\/de\/camp-um-ungarischen-teenagern-gesunde-christliche-nationale-werte-beizubringen\/"},"modified":"2020-02-15T09:00:00","modified_gmt":"2020-02-15T08:00:00","slug":"camp-um-ungarischen-teenagern-gesunde-christliche-nationale-werte-beizubringen","status":"publish","type":"post","link":"https:\/\/dailynewshungary.com\/de\/camp-um-ungarischen-teenagern-gesunde-christliche-nationale-werte-beizubringen\/","title":{"rendered":"Camp, um ungarischen Teenagern \u201cgesunde, christliche, nationale Werte\u201d beizubringen"},"content":{"rendered":"<p><strong>Die ungarische Regierung plant, ein Camp f\u00fcr 16 &#8211; bis 18-J\u00e4hrige zu starten, in dem sie ihnen gesunde, christliche, nationale Werte vermitteln und ihre Vision f\u00fcr die Zukunft vertiefen sollen, das Programm soll angeblich V\u00e1ndordi\u00e1k 10 000 10.000 reisende Sch\u00fclerin hei\u00dfen.<\/strong><\/p>\n<p>Verantwortlich f\u00fcr das Programm w\u00e4ren das Ungarische Forschungsinstitut (MKI) und Szil\u00e1rd Demeter. In einem Dokument, das derzeit als Entwurf f\u00fcr das Programm dient, hei\u00dft es, dass MKI Camps f\u00fcr 16- bis 18-J\u00e4hrige organisieren w\u00fcrde, in denen die Teenager christliche nationale Werte zu ihren eigenen machen und ihre eigenen Identit\u00e4ten vertiefen k\u00f6nnten sowie ihre kulturellen Verpflichtungen, lt <em><a href=\"https:\/\/magyarhang.org\/belfold\/2020\/02\/12\/kormanyzati-terv-tudatformalo-tabor-fiataloknak\/\" target=\"_blank\" rel=\"noopener noreferrer\">Magyar Hang<\/a><\/em>. Das Programm w\u00fcrde von diesem Jahr bis 2022 laufen und pro Jahr fast 4,5 Mio. \u20ac kosten, das sind insgesamt 13.324.405 \u20ac Szil\u00e1rd Demeter, der Direktor des Pet offi-Literaturmuseums, ist angeblich Teil des Projekts Die Zahl im Namen des Programms l\u00e4sst darauf schlie\u00dfen, wie viele Studenten sie in das Camp aufnehmen m\u00f6chten Das w\u00fcrde bedeuten, dass die Regierung 1.332,5 \u20ac f\u00fcr die Bildung der Standpunkte der einzelnen Studenten ausgeben soll.<\/p>\n<p>Zu den Hauptzielen von Travelling Student 10.000 geh\u00f6ren:<\/p>\n<ul>\n<li>\n<blockquote><p>\u201eUm die nationale Identit\u00e4t, das kulturelle Engagement und die gesunde nationale Vision der Zukunft zu st\u00e4rken\u201c <a href=\"https:\/\/darkgoldenrod-woodcock-377971.hostingersite.com\/tag\/youth\" target=\"_blank\" rel=\"noopener noreferrer\">Jugend<\/a> Leben in der Kultur ihrer Muttersprache.<\/p><\/blockquote>\n<\/li>\n<li>\n<blockquote><p>Zur St\u00e4rkung der nationalen Identit\u00e4t: Ungarischer Patriotismus, zur St\u00e4rkung des Patriotismus durch Programme mit nationalen Inhalten \u2013 Ungarische Leistung, Geschichte, Bewahrung von Traditionen, Kultur, Einf\u00fchrung von Identit\u00e4t) Zur Vertiefung christlicher, nationaler Werte und des Bewusstseins.<\/p><\/blockquote>\n<\/li>\n<li>\n<blockquote><p>Die Seelen der Jugend zu erreichen Die im Lager erlangte Identit\u00e4t\/Interessen zu entwickeln\/sichern.\u201d<\/p><\/blockquote>\n<\/li>\n<\/ul>\n<div class=\"code-block code-block-9 ai-track\" data-ai=\"WzksMCwiQmxvY2sgOSIsIiJd\">Eine professionelle F\u00fchrungssitzung des Ministeriums f\u00fcr Humanressourcen hatte am Dienstag eine Verhandlung \u00fcber das Programm, Propagandaminister Antal Rog\u00e1ns Treuh\u00e4nder nimmt in der Regel auch an diesen Treffen teil Wenn die <a href=\"https:\/\/darkgoldenrod-woodcock-377971.hostingersite.com\/tag\/government\" target=\"_blank\" rel=\"noopener noreferrer\">Regierung<\/a> Beschlie\u00dft, das Programm zu f\u00fchren, wird es ein Dekret geben, das im ungarischen Bulletin (Magyar K\u00f6zl\u00f6ny) angek\u00fcndigt wird.<\/div>\n<p>Der urspr\u00fcngliche Name des Programms war Boomerang 10.000, und das Personalministerium hatte bereits eine Sitzung dar\u00fcber abgehalten, aber Antal Rog\u00e1n lehnte es ab, da sie es f\u00fcr zu unangenehm hielten.<\/p>\n<blockquote>\n<p>Magyar Hang erreichte Szil\u00e1rd Demeter am Telefon, und er bestritt nicht, dass das Programm auf der Tagesordnung stehe, er k\u00f6nne aufgrund einer Geheimhaltungsvereinbarung keine Details preisgeben, aber das Programm befinde sich in der Phase der Entscheidungsvorbereitung.<\/p>\n<\/blockquote>\n<p>Aus einer regierungsnahen Quelle, die <em>Magyar Hang<\/em> Au\u00dferdem hat man herausgefunden, dass es eine riesige Debatte und viele \u00dcberlegungen gibt, wie man rund eine halbe Million junge Menschen, die 2022 18 Jahre alt werden, erreichen und zu \u201cmachen kann<a href=\"https:\/\/darkgoldenrod-woodcock-377971.hostingersite.com\/tag\/fidesz\" target=\"_blank\" rel=\"noopener noreferrer\">Fidesz<\/a>&#8211; W\u00e4hler\u201d. Umfragen deuten darauf hin, dass sich Jugendliche heutzutage nicht um Politik und politische Parteien k\u00fcmmern.<\/p>\n","protected":false},"excerpt":{"rendered":"<p>Die ungarische Regierung plant, ein Camp f\u00fcr 16 &#8211; bis 18-J\u00e4hrige zu starten, in dem sie ihnen gesunde, christliche, nationale Werte vermitteln und ihre Vision f\u00fcr die Zukunft vertiefen sollen, das Programm soll angeblich V\u00e1ndordi\u00e1k 10 000 10.000 reisende Sch\u00fclerin hei\u00dfen. Verantwortlich f\u00fcr das Programm w\u00e4ren das Ungarische Forschungsinstitut (MKI) und Szil\u00e1rd Demeter. In einem [&hellip;]<\/p>\n","protected":false},"author":36,"featured_media":723833,"comment_status":"open","ping_status":"open","sticky":false,"template":"","format":"standard","meta":{"_acf_changed":false,"_display_image":"","footnotes":""},"categories":[1081],"tags":[1066],"class_list":["post-723832","post","type-post","status-publish","format-standard","has-post-thumbnail","hentry","category-politik","tag-hungary"],"blocksy_meta":[],"acf":[],"author_username":"kata","telegram_post":"","public_post_metadata":{"breaking_news":"","important":"","csempe":"","center_tile":"","disable_thumbnail":"","target_lang":"","_featured_image_style":"","telegram_post":"","_xlat_group_id":""},"public_rank_math_data":{"title":"%title% %sep% %sitename%","description":"","focus_keyword":"","canonical_url":"","robots":"","primary_category":"1081","breadcrumb_title":"","facebook_title":"","facebook_description":"","facebook_image":"","facebook_image_id":"","twitter_title":"","twitter_description":"","twitter_image":"","twitter_image_id":"","twitter_card_type":"","twitter_use_facebook":"","advanced_robots":"","pillar_content":"","seo_score":"","contentai_score":"","rich_snippet":""},"_links":{"self":[{"href":"https:\/\/dailynewshungary.com\/de\/wp-json\/wp\/v2\/posts\/723832","targetHints":{"allow":["GET"]}}],"collection":[{"href":"https:\/\/dailynewshungary.com\/de\/wp-json\/wp\/v2\/posts"}],"about":[{"href":"https:\/\/dailynewshungary.com\/de\/wp-json\/wp\/v2\/types\/post"}],"author":[{"embeddable":true,"href":"https:\/\/dailynewshungary.com\/de\/wp-json\/wp\/v2\/users\/36"}],"replies":[{"embeddable":true,"href":"https:\/\/dailynewshungary.com\/de\/wp-json\/wp\/v2\/comments?post=723832"}],"version-history":[{"count":0,"href":"https:\/\/dailynewshungary.com\/de\/wp-json\/wp\/v2\/posts\/723832\/revisions"}],"wp:featuredmedia":[{"embeddable":true,"href":"https:\/\/dailynewshungary.com\/de\/wp-json\/wp\/v2\/media\/723833"}],"wp:attachment":[{"href":"https:\/\/dailynewshungary.com\/de\/wp-json\/wp\/v2\/media?parent=723832"}],"wp:term":[{"taxonomy":"category","embeddable":true,"href":"https:\/\/dailynewshungary.com\/de\/wp-json\/wp\/v2\/categories?post=723832"},{"taxonomy":"post_tag","embeddable":true,"href":"https:\/\/dailynewshungary.com\/de\/wp-json\/wp\/v2\/tags?post=723832"}],"curies":[{"name":"wp","href":"https:\/\/api.w.org\/{rel}","templated":true}]}}