{"id":724115,"date":"2020-02-05T16:12:24","date_gmt":"2020-02-05T15:12:24","guid":{"rendered":"https:\/\/dailynewshungary.com\/de\/rumanische-regierung-verliert-misstrauensantrag\/"},"modified":"2020-02-05T16:12:24","modified_gmt":"2020-02-05T15:12:24","slug":"rumanische-regierung-verliert-misstrauensantrag","status":"publish","type":"post","link":"https:\/\/dailynewshungary.com\/de\/rumanische-regierung-verliert-misstrauensantrag\/","title":{"rendered":"Rum\u00e4nische Regierung verliert Misstrauensantrag"},"content":{"rendered":"<p><strong>Die rum\u00e4nische Regierung verlor am Mittwoch in einem Misstrauensantrag der wichtigsten oppositionellen Sozialdemokraten, nur drei Monate nach ihrem Amtsantritt am 4. November.<\/strong><\/p>\n<p>Der Misstrauensantrag wurde mit 261 Stimmen unterst\u00fctzt, mehr als das erforderliche Minimum von 233 Stimmen, oder 50 Prozent plus eine im Zweikammerparlament mit 465 Sitzen. Insgesamt stimmten 139 Abgeordnete dagegen.<\/p>\n<blockquote>\n<p>Das vom Vorsitzenden der Nationalliberalen Partei (PNL), Ludovic Orban, gef\u00fchrte Kabinett war die f\u00fcnfte Regierung, die in Rum\u00e4nien in den letzten 30 Jahren zur\u00fccktrat.<\/p>\n<\/blockquote>\n<p>Der Senat und die Abgeordnetenkammer sind zu einer gemeinsamen Sitzung zusammengekommen, um den Misstrauensantrag \u201eBan\/PNL-Regierung\u201czu diskutieren und dar\u00fcber abzustimmen. \u201eVerbot der Privatisierung der rum\u00e4nischen Demokratie\u201d, der auch von Abgeordneten der rum\u00e4nischen Demokratie unterzeichnet wurde <a href=\"https:\/\/dailynewshungary.com\/de\/der-grose-britische-zuguberfall-wie-eine-15-kopfige-bande-1963-26-millionen-pfund-stahl\/\" target=\"_blank\" rel=\"noopener noreferrer\">Demokratische Allianz der Ungarn in Rum\u00e4nien (RMDSZ\/UDMR)<\/a>, nachdem die Regierung vor den f\u00fcr Juni geplanten Kommunalwahlen ein Gesetz \u00fcber zwei Wahlg\u00e4nge zum B\u00fcrgermeister verabschiedet hatte.<\/p>\n<p>Wie wir gestern geschrieben haben, hat Teodor Melescanu, Pr\u00e4sident des rum\u00e4nischen Senats, am Montag seinen R\u00fccktritt angek\u00fcndigt, fast zwei Wochen nachdem das oberste Gericht des Landes entschieden hatte, dass seine Wahl in das Amt verfassungswidrig sei, <a href=\"https:\/\/dailynewshungary.com\/de\/prasident-des-rumanischen-senats-melescanu-tritt-zuruck\/\" target=\"_blank\" rel=\"noopener noreferrer\">Weitere Details lesen SIE HIER<\/a>.<\/p>\n","protected":false},"excerpt":{"rendered":"<p>Die rum\u00e4nische Regierung verlor am Mittwoch in einem Misstrauensantrag der wichtigsten oppositionellen Sozialdemokraten, nur drei Monate nach ihrem Amtsantritt am 4. November. Der Misstrauensantrag wurde mit 261 Stimmen unterst\u00fctzt, mehr als das erforderliche Minimum von 233 Stimmen, oder 50 Prozent plus eine im Zweikammerparlament mit 465 Sitzen. Insgesamt stimmten 139 Abgeordnete dagegen. Das vom Vorsitzenden [&hellip;]<\/p>\n","protected":false},"author":2,"featured_media":724116,"comment_status":"open","ping_status":"open","sticky":false,"template":"","format":"standard","meta":{"_acf_changed":false,"_display_image":"","footnotes":""},"categories":[1154],"tags":[1755,1425],"class_list":["post-724115","post","type-post","status-publish","format-standard","has-post-thumbnail","hentry","category-welt","tag-rmdsz","tag-rumanien"],"blocksy_meta":[],"acf":[],"author_username":"alk","telegram_post":"","public_post_metadata":{"breaking_news":"","important":"","csempe":"","center_tile":"","disable_thumbnail":"","target_lang":"","_featured_image_style":"","telegram_post":"","_xlat_group_id":""},"public_rank_math_data":{"title":"%title% %sep% %sitename%","description":"","focus_keyword":"","canonical_url":"","robots":"","primary_category":"1154","breadcrumb_title":"","facebook_title":"","facebook_description":"","facebook_image":"","facebook_image_id":"","twitter_title":"","twitter_description":"","twitter_image":"","twitter_image_id":"","twitter_card_type":"","twitter_use_facebook":"","advanced_robots":"","pillar_content":"","seo_score":"","contentai_score":"","rich_snippet":""},"_links":{"self":[{"href":"https:\/\/dailynewshungary.com\/de\/wp-json\/wp\/v2\/posts\/724115","targetHints":{"allow":["GET"]}}],"collection":[{"href":"https:\/\/dailynewshungary.com\/de\/wp-json\/wp\/v2\/posts"}],"about":[{"href":"https:\/\/dailynewshungary.com\/de\/wp-json\/wp\/v2\/types\/post"}],"author":[{"embeddable":true,"href":"https:\/\/dailynewshungary.com\/de\/wp-json\/wp\/v2\/users\/2"}],"replies":[{"embeddable":true,"href":"https:\/\/dailynewshungary.com\/de\/wp-json\/wp\/v2\/comments?post=724115"}],"version-history":[{"count":0,"href":"https:\/\/dailynewshungary.com\/de\/wp-json\/wp\/v2\/posts\/724115\/revisions"}],"wp:featuredmedia":[{"embeddable":true,"href":"https:\/\/dailynewshungary.com\/de\/wp-json\/wp\/v2\/media\/724116"}],"wp:attachment":[{"href":"https:\/\/dailynewshungary.com\/de\/wp-json\/wp\/v2\/media?parent=724115"}],"wp:term":[{"taxonomy":"category","embeddable":true,"href":"https:\/\/dailynewshungary.com\/de\/wp-json\/wp\/v2\/categories?post=724115"},{"taxonomy":"post_tag","embeddable":true,"href":"https:\/\/dailynewshungary.com\/de\/wp-json\/wp\/v2\/tags?post=724115"}],"curies":[{"name":"wp","href":"https:\/\/api.w.org\/{rel}","templated":true}]}}