{"id":724175,"date":"2020-02-03T22:20:00","date_gmt":"2020-02-03T21:20:00","guid":{"rendered":"https:\/\/dailynewshungary.com\/de\/prasident-des-rumanischen-senats-melescanu-tritt-zuruck\/"},"modified":"2020-02-03T22:20:00","modified_gmt":"2020-02-03T21:20:00","slug":"prasident-des-rumanischen-senats-melescanu-tritt-zuruck","status":"publish","type":"post","link":"https:\/\/dailynewshungary.com\/de\/prasident-des-rumanischen-senats-melescanu-tritt-zuruck\/","title":{"rendered":"Pr\u00e4sident des rum\u00e4nischen Senats Melescanu tritt zur\u00fcck"},"content":{"rendered":"<p><strong>Teodor Melescanu, Pr\u00e4sident des rum\u00e4nischen Senats, gab am Montag seinen R\u00fccktritt bekannt, fast zwei Wochen nachdem das oberste Gericht des Landes entschieden hatte, dass seine Wahl in das Amt verfassungswidrig sei.<\/strong><\/p>\n<p>\u201cIch habe beschlossen, mich aus dem Amt zur\u00fcckzuziehen, obwohl die Entscheidung des Verfassungsgerichts Rum\u00e4niens (CCR) noch nicht ver\u00f6ffentlicht wurde\u201d, sagte Melescanu der ersten ordentlichen Sitzung des Senats in diesem Jahr.<\/p>\n<blockquote>\n<p>\u201eIch \u00fcbernehme weiterhin die Vorrechte, die ich bis zur Ver\u00f6ffentlichung (des CCR-Urteils) im Amtsblatt habe,\u201csagte Melescanu kurz nach dem CCR-Urteil vom 22. Januar gegen\u00fcber Journalisten.\u201d.<\/p>\n<\/blockquote>\n<p>Marcel Ciolacu, amtierender Pr\u00e4sident der oppositionellen Sozialdemokratischen Partei (PSD), der gr\u00f6\u00dften Partei im Parlament, k\u00fcndigte an, dass die PSD Titus Corlatean, Vizepr\u00e4sident des Senats und der Partei, unterst\u00fctzen werde, Melescanus Position als vorl\u00e4ufiger Senatspr\u00e4sident zu \u00fcbernehmen, bis das Urteil des CCR zu Melescanu ver\u00f6ffentlicht wird.<\/p>\n<ul>\n<li><a href=\"https:\/\/dailynewshungary.com\/de\/hochgeschwindigkeitsstrecke-zwischen-budapest-und-kolozsvar-cluj-napoca-unterwegs\/\" target=\"_blank\" rel=\"noopener noreferrer\">Hochgeschwindigkeitsstrecke zwischen Budapest und Kolozsv\u00e1r\/Cluj-Napoca unterwegs!<\/a><\/li>\n<li><a href=\"https:\/\/dailynewshungary.com\/news_to_go\/romanian-historian-decorated-with-hungarian-order-of-merit-knights-cross\/\" target=\"_blank\" rel=\"noopener noreferrer\">Rum\u00e4nischer Historiker mit ungarischem Verdienstorden, Ritterkreuz, ausgezeichnet<\/a><\/li>\n<\/ul>\n<p>Melescanus Wahl zum Pr\u00e4sidenten des Senats im vergangenen September l\u00f6ste Kontroversen aus, da er von der damals regierenden PSD unterst\u00fctzt worden war, obwohl er immer noch Mitglied der Allianz der Liberalen und Demokraten (ALDE) war, die gerade die Regierungskoalition mit der PSD verlassen hatte.<\/p>\n<p>Die Situation f\u00fchrte dazu, dass bei der Wahl zwei ALDE-Kandidaten auftraten, n\u00e4mlich Melescanu und der von der ALDE selbst vorgeschlagene Kandidat, was gegen die entsprechenden Regelungen verstie\u00df.<\/p>\n","protected":false},"excerpt":{"rendered":"<p>Teodor Melescanu, Pr\u00e4sident des rum\u00e4nischen Senats, gab am Montag seinen R\u00fccktritt bekannt, fast zwei Wochen nachdem das oberste Gericht des Landes entschieden hatte, dass seine Wahl in das Amt verfassungswidrig sei. \u201cIch habe beschlossen, mich aus dem Amt zur\u00fcckzuziehen, obwohl die Entscheidung des Verfassungsgerichts Rum\u00e4niens (CCR) noch nicht ver\u00f6ffentlicht wurde\u201d, sagte Melescanu der ersten ordentlichen [&hellip;]<\/p>\n","protected":false},"author":2,"featured_media":724176,"comment_status":"open","ping_status":"open","sticky":false,"template":"","format":"standard","meta":{"_acf_changed":false,"_display_image":"","footnotes":""},"categories":[1154],"tags":[1425],"class_list":["post-724175","post","type-post","status-publish","format-standard","has-post-thumbnail","hentry","category-welt","tag-rumanien"],"blocksy_meta":[],"acf":[],"author_username":"alk","telegram_post":"","public_post_metadata":{"breaking_news":"","important":"","csempe":"","center_tile":"","disable_thumbnail":"","target_lang":"","_featured_image_style":"","telegram_post":"","_xlat_group_id":""},"public_rank_math_data":{"title":"%title% %sep% %sitename%","description":"","focus_keyword":"","canonical_url":"","robots":"","primary_category":"1154","breadcrumb_title":"","facebook_title":"","facebook_description":"","facebook_image":"","facebook_image_id":"","twitter_title":"","twitter_description":"","twitter_image":"","twitter_image_id":"","twitter_card_type":"","twitter_use_facebook":"","advanced_robots":"","pillar_content":"","seo_score":"","contentai_score":"","rich_snippet":""},"_links":{"self":[{"href":"https:\/\/dailynewshungary.com\/de\/wp-json\/wp\/v2\/posts\/724175","targetHints":{"allow":["GET"]}}],"collection":[{"href":"https:\/\/dailynewshungary.com\/de\/wp-json\/wp\/v2\/posts"}],"about":[{"href":"https:\/\/dailynewshungary.com\/de\/wp-json\/wp\/v2\/types\/post"}],"author":[{"embeddable":true,"href":"https:\/\/dailynewshungary.com\/de\/wp-json\/wp\/v2\/users\/2"}],"replies":[{"embeddable":true,"href":"https:\/\/dailynewshungary.com\/de\/wp-json\/wp\/v2\/comments?post=724175"}],"version-history":[{"count":0,"href":"https:\/\/dailynewshungary.com\/de\/wp-json\/wp\/v2\/posts\/724175\/revisions"}],"wp:featuredmedia":[{"embeddable":true,"href":"https:\/\/dailynewshungary.com\/de\/wp-json\/wp\/v2\/media\/724176"}],"wp:attachment":[{"href":"https:\/\/dailynewshungary.com\/de\/wp-json\/wp\/v2\/media?parent=724175"}],"wp:term":[{"taxonomy":"category","embeddable":true,"href":"https:\/\/dailynewshungary.com\/de\/wp-json\/wp\/v2\/categories?post=724175"},{"taxonomy":"post_tag","embeddable":true,"href":"https:\/\/dailynewshungary.com\/de\/wp-json\/wp\/v2\/tags?post=724175"}],"curies":[{"name":"wp","href":"https:\/\/api.w.org\/{rel}","templated":true}]}}