{"id":724686,"date":"2020-01-17T07:20:00","date_gmt":"2020-01-17T06:20:00","guid":{"rendered":"https:\/\/dailynewshungary.com\/de\/ukraine-abgeordneter-premierminister-neues-bildungsgesetz-sollte-die-beziehungen-zwischen-der-ukraine-und-ungarn-verbessern\/"},"modified":"2020-01-17T07:20:00","modified_gmt":"2020-01-17T06:20:00","slug":"ukraine-abgeordneter-premierminister-neues-bildungsgesetz-sollte-die-beziehungen-zwischen-der-ukraine-und-ungarn-verbessern","status":"publish","type":"post","link":"https:\/\/dailynewshungary.com\/de\/ukraine-abgeordneter-premierminister-neues-bildungsgesetz-sollte-die-beziehungen-zwischen-der-ukraine-und-ungarn-verbessern\/","title":{"rendered":"Ukraine-Abgeordneter Premierminister: Neues Bildungsgesetz sollte die Beziehungen zwischen der Ukraine und Ungarn verbessern"},"content":{"rendered":"<p><strong>Der ukrainische Vizepremierminister Dmytro Kuleba sagt, ein neues Gesetz zur Sekundarschulbildung, das am Donnerstag vom ukrainischen Parlament verabschiedet wurde, solle dazu beitragen, die Beziehungen des Landes zu Ungarn zu verbessern.<\/strong><\/p>\n<p>Kuleba sagte auf Twitter, dass die gesetzgebende K\u00f6rperschaft das \u201clang erwartete\u201d Gesetz verabschiedet habe, das uns \u201cbei der \u00dcberwindung von Problemen der Vergangenheit helfen w\u00fcrde\u201d, gerade als er Gespr\u00e4che mit dem ungarischen Botschafter in Kiew Istv\u00e1n \u00cdjgy\u00e1rt\u00f3 f\u00fchrte.<\/p>\n<blockquote>\n<p>\u201cJetzt m\u00fcssen beide L\u00e4nder Schritte nach vorne machen\u201d, f\u00fcgte der stellvertretende Premierminister, der f\u00fcr die EU-Integration zust\u00e4ndig ist, hinzu.<\/p>\n<\/blockquote>\n<p>Kuleba begr\u00fc\u00dfte auch das Interesse des ungarischen Au\u00dfenministers P\u00e9ter Szijj\u00e1rt\u00f3 an einem Besuch in Kiew und stellte fest, dass beide gemeinsam den Vorsitz im ukrainisch-ungarischen zwischenstaatlichen Ausschuss innehaben, der seit sieben Jahren nicht mehr einberufen wurde.<\/p>\n<p>Der stellvertretende Premierminister sagte, er habe Szijj\u00e1rt\u00f3 zu einem Besuch in der Ukraine im Februar eingeladen und f\u00fcgte hinzu, er wolle, dass die beiden L\u00e4nder in den Bereichen Handel, regionale Projekte und Investitionen vorankommen.<\/p>\n","protected":false},"excerpt":{"rendered":"<p>Der ukrainische Vizepremierminister Dmytro Kuleba sagt, ein neues Gesetz zur Sekundarschulbildung, das am Donnerstag vom ukrainischen Parlament verabschiedet wurde, solle dazu beitragen, die Beziehungen des Landes zu Ungarn zu verbessern. Kuleba sagte auf Twitter, dass die gesetzgebende K\u00f6rperschaft das \u201clang erwartete\u201d Gesetz verabschiedet habe, das uns \u201cbei der \u00dcberwindung von Problemen der Vergangenheit helfen w\u00fcrde\u201d, [&hellip;]<\/p>\n","protected":false},"author":46,"featured_media":0,"comment_status":"open","ping_status":"open","sticky":false,"template":"","format":"standard","meta":{"_acf_changed":false,"_display_image":"","footnotes":""},"categories":[1101],"tags":[1470,3673,1852,1092,1076,1130],"class_list":["post-724686","post","type-post","status-publish","format-standard","hentry","category-flashnews","tag-ausenministerium-fur-ungarn","tag-bildungsrecht","tag-minderheiten","tag-ukraine","tag-ungarn","tag-ungarn-im-ausland"],"blocksy_meta":[],"acf":[],"author_username":"barbara.smn","telegram_post":"","public_post_metadata":{"breaking_news":"","important":"","csempe":"","center_tile":"","disable_thumbnail":"","target_lang":"","_featured_image_style":"","telegram_post":"","_xlat_group_id":""},"public_rank_math_data":{"title":"%title% %sep% %sitename%","description":"","focus_keyword":"","canonical_url":"","robots":"","primary_category":"1101","breadcrumb_title":"","facebook_title":"","facebook_description":"","facebook_image":"","facebook_image_id":"","twitter_title":"","twitter_description":"","twitter_image":"","twitter_image_id":"","twitter_card_type":"","twitter_use_facebook":"","advanced_robots":"","pillar_content":"","seo_score":"","contentai_score":"","rich_snippet":""},"_links":{"self":[{"href":"https:\/\/dailynewshungary.com\/de\/wp-json\/wp\/v2\/posts\/724686","targetHints":{"allow":["GET"]}}],"collection":[{"href":"https:\/\/dailynewshungary.com\/de\/wp-json\/wp\/v2\/posts"}],"about":[{"href":"https:\/\/dailynewshungary.com\/de\/wp-json\/wp\/v2\/types\/post"}],"author":[{"embeddable":true,"href":"https:\/\/dailynewshungary.com\/de\/wp-json\/wp\/v2\/users\/46"}],"replies":[{"embeddable":true,"href":"https:\/\/dailynewshungary.com\/de\/wp-json\/wp\/v2\/comments?post=724686"}],"version-history":[{"count":0,"href":"https:\/\/dailynewshungary.com\/de\/wp-json\/wp\/v2\/posts\/724686\/revisions"}],"wp:attachment":[{"href":"https:\/\/dailynewshungary.com\/de\/wp-json\/wp\/v2\/media?parent=724686"}],"wp:term":[{"taxonomy":"category","embeddable":true,"href":"https:\/\/dailynewshungary.com\/de\/wp-json\/wp\/v2\/categories?post=724686"},{"taxonomy":"post_tag","embeddable":true,"href":"https:\/\/dailynewshungary.com\/de\/wp-json\/wp\/v2\/tags?post=724686"}],"curies":[{"name":"wp","href":"https:\/\/api.w.org\/{rel}","templated":true}]}}