{"id":725617,"date":"2019-12-11T16:45:50","date_gmt":"2019-12-11T15:45:50","guid":{"rendered":"https:\/\/dailynewshungary.com\/de\/arbeitssuchende-reisen-kostenlos-mit-den-offentlichen-verkehrsmitteln-von-budapest\/"},"modified":"2019-12-11T16:45:50","modified_gmt":"2019-12-11T15:45:50","slug":"arbeitssuchende-reisen-kostenlos-mit-den-offentlichen-verkehrsmitteln-von-budapest","status":"publish","type":"post","link":"https:\/\/dailynewshungary.com\/de\/arbeitssuchende-reisen-kostenlos-mit-den-offentlichen-verkehrsmitteln-von-budapest\/","title":{"rendered":"Arbeitssuchende reisen kostenlos mit den \u00f6ffentlichen Verkehrsmitteln von Budapest"},"content":{"rendered":"<p><strong>Budapester Arbeitsuchende reisen ab Januar n\u00e4chsten Jahres gem\u00e4\u00df einem Beschluss der Generalversammlung des Gemeinderats vom Mittwoch kostenlos mit dem \u00f6ffentlichen Nahverkehr der Hauptstadt.<\/strong><\/p>\n<p>Die Stadtr\u00e4te unterst\u00fctzten einstimmig den Vorschlag von B\u00fcrgermeister Gergely Kar\u00e1csony, registrierten Arbeitssuchenden mit einer Budapester Adresse die kostenlose Fahrt mit \u00f6ffentlichen Nahverkehrsmitteln zu erm\u00f6glichen.<\/p>\n<blockquote>\n<p>Zum Nachweis der Berechtigung zum Freikartenschein wird ein neues Zertifikat eingef\u00fchrt, das in ausgew\u00e4hlten Verkaufsstellen des Budapester Verkehrszentrums erh\u00e4ltlich sein wird.<\/p>\n<\/blockquote>\n<ul>\n<li><a href=\"https:\/\/dailynewshungary.com\/de\/budapest-das-wird-der-fall-sein-wenn-dieselautos-verboten-werden\/\" target=\"_blank\" rel=\"noopener noreferrer\">Budapest \u2013 Das wird der Fall sein, wenn Dieselautos verboten werden!<\/a><\/li>\n<\/ul>\n<h4>Die Versammlung stimmt f\u00fcr die Einrichtung eines kommunalen Interessenkoordinierungsrates<\/h4>\n<p>Die Budapester Versammlung stimmte am Mittwoch einstimmig f\u00fcr die Einrichtung eines dreik\u00f6pfigen kommunalen Interessenkoordinierungsrates (Foet).<\/p>\n<blockquote>\n<p>Der Foet wird sich aus Vertretern des Gemeinderats, der Gewerkschaften und der Arbeitgeberverb\u00e4nde zusammensetzen.<\/p>\n<\/blockquote>\n<p>Seine Aufgabe wird es sein, Konsultationen zur Konfliktverh\u00fctung zu erleichtern, als Forum zur Konfliktl\u00f6sung zu dienen und Vorschl\u00e4ge und Entscheidungen zu kommunalen Angelegenheiten zu entwerfen.<\/p>\n<p>Das Gremium wird auch als Plattform f\u00fcr die F\u00f6rderung der Interessen der drei Seiten und Vermittlungsvereinbarungen dienen.<\/p>\n<p>Der Foet wird zu Entw\u00fcrfen kommunaler Arbeits- und Besch\u00e4ftigungsvorschriften Stellung nehmen und geplante mittel- und langfristige Arbeitsmarktma\u00dfnahmen \u00fcberwachen.<\/p>\n<p>Es wird auch als Plattform f\u00fcr die Diskussion kommunaler Besch\u00e4ftigungspolitik und -strategien sowie grundlegender Lohnfragen dienen.<\/p>\n","protected":false},"excerpt":{"rendered":"<p>Budapester Arbeitsuchende reisen ab Januar n\u00e4chsten Jahres gem\u00e4\u00df einem Beschluss der Generalversammlung des Gemeinderats vom Mittwoch kostenlos mit dem \u00f6ffentlichen Nahverkehr der Hauptstadt. Die Stadtr\u00e4te unterst\u00fctzten einstimmig den Vorschlag von B\u00fcrgermeister Gergely Kar\u00e1csony, registrierten Arbeitssuchenden mit einer Budapester Adresse die kostenlose Fahrt mit \u00f6ffentlichen Nahverkehrsmitteln zu erm\u00f6glichen. Zum Nachweis der Berechtigung zum Freikartenschein wird ein [&hellip;]<\/p>\n","protected":false},"author":2,"featured_media":725618,"comment_status":"open","ping_status":"open","sticky":false,"template":"","format":"standard","meta":{"_acf_changed":false,"_display_image":"","footnotes":""},"categories":[1081],"tags":[1096,1111,1691,1076,1145],"class_list":["post-725617","post","type-post","status-publish","format-standard","has-post-thumbnail","hentry","category-politik","tag-arbeitsmarkt","tag-budapest","tag-budapest-council","tag-ungarn","tag-verkehr"],"blocksy_meta":[],"acf":[],"author_username":"alk","telegram_post":"","public_post_metadata":{"breaking_news":"","important":"","csempe":"","center_tile":"","disable_thumbnail":"","target_lang":"","_featured_image_style":"","telegram_post":"","_xlat_group_id":""},"public_rank_math_data":{"title":"%title% %sep% %sitename%","description":"","focus_keyword":"","canonical_url":"","robots":"","primary_category":"1081","breadcrumb_title":"","facebook_title":"","facebook_description":"","facebook_image":"","facebook_image_id":"","twitter_title":"","twitter_description":"","twitter_image":"","twitter_image_id":"","twitter_card_type":"","twitter_use_facebook":"","advanced_robots":"","pillar_content":"","seo_score":"","contentai_score":"","rich_snippet":""},"_links":{"self":[{"href":"https:\/\/dailynewshungary.com\/de\/wp-json\/wp\/v2\/posts\/725617","targetHints":{"allow":["GET"]}}],"collection":[{"href":"https:\/\/dailynewshungary.com\/de\/wp-json\/wp\/v2\/posts"}],"about":[{"href":"https:\/\/dailynewshungary.com\/de\/wp-json\/wp\/v2\/types\/post"}],"author":[{"embeddable":true,"href":"https:\/\/dailynewshungary.com\/de\/wp-json\/wp\/v2\/users\/2"}],"replies":[{"embeddable":true,"href":"https:\/\/dailynewshungary.com\/de\/wp-json\/wp\/v2\/comments?post=725617"}],"version-history":[{"count":0,"href":"https:\/\/dailynewshungary.com\/de\/wp-json\/wp\/v2\/posts\/725617\/revisions"}],"wp:featuredmedia":[{"embeddable":true,"href":"https:\/\/dailynewshungary.com\/de\/wp-json\/wp\/v2\/media\/725618"}],"wp:attachment":[{"href":"https:\/\/dailynewshungary.com\/de\/wp-json\/wp\/v2\/media?parent=725617"}],"wp:term":[{"taxonomy":"category","embeddable":true,"href":"https:\/\/dailynewshungary.com\/de\/wp-json\/wp\/v2\/categories?post=725617"},{"taxonomy":"post_tag","embeddable":true,"href":"https:\/\/dailynewshungary.com\/de\/wp-json\/wp\/v2\/tags?post=725617"}],"curies":[{"name":"wp","href":"https:\/\/api.w.org\/{rel}","templated":true}]}}