{"id":725701,"date":"2019-12-09T09:23:52","date_gmt":"2019-12-09T08:23:52","guid":{"rendered":"https:\/\/dailynewshungary.com\/de\/ungarisches-parlament-schliest-das-jahr-2019-mit-einer-dreitagigen-sitzung-ab\/"},"modified":"2019-12-09T09:23:52","modified_gmt":"2019-12-09T08:23:52","slug":"ungarisches-parlament-schliest-das-jahr-2019-mit-einer-dreitagigen-sitzung-ab","status":"publish","type":"post","link":"https:\/\/dailynewshungary.com\/de\/ungarisches-parlament-schliest-das-jahr-2019-mit-einer-dreitagigen-sitzung-ab\/","title":{"rendered":"Ungarisches Parlament schlie\u00dft das Jahr 2019 mit einer dreit\u00e4gigen Sitzung ab"},"content":{"rendered":"<p><strong>Ungarns Nationalversammlung wird ihre Arbeit f\u00fcr das Jahr mit einer dreit\u00e4gigen Sitzung ab Montag um 10 Uhr abschlie\u00dfen.<\/strong><\/p>\n<blockquote>\n<p>Der Montag ist der Er\u00f6rterung von \u00c4nderungsvorschl\u00e4gen gewidmet, wobei am n\u00e4chsten Tag \u00fcber 19 Antr\u00e4ge abgestimmt wird.<\/p>\n<\/blockquote>\n<p>Die Abstimmungen umfassen eine von der Opposition gef\u00f6rderte Verfassungs\u00e4nderung, die darauf abzielt, die M\u00f6glichkeit der Einrichtung von Gerichten f\u00fcr die \u00f6ffentliche Verwaltung auszuschlie\u00dfen.<\/p>\n<p>Das Parlament wird au\u00dferdem vier neue Mitglieder f\u00fcr eine Amtszeit von neun Jahren in den Medienrat sowie den Leiter des Nationalen Justizamtes w\u00e4hlen.<\/p>\n<ul>\n<li><a href=\"https:\/\/dailynewshungary.com\/de\/das-ungarische-parlament-beschrankt-den-verkauf-von-e-zigaretten-auf-staatliche-geschafte\/\" target=\"_blank\" rel=\"noopener noreferrer\">Das ungarische Parlament beschr\u00e4nkt den Verkauf von E-Zigaretten auf staatliche Gesch\u00e4fte<\/a><\/li>\n<li>Gewerkschaft: <a href=\"https:\/\/dailynewshungary.com\/de\/gewerkschaft-ungarische-bildungspolitik-wird-durch-mangelnden-sozialen-dialog-beeintrachtigt\/\" target=\"_blank\" rel=\"noopener noreferrer\">Die ungarische Bildungspolitik wurde durch den Mangel an sozialem Dialog beeintr\u00e4chtigt<\/a><\/li>\n<\/ul>\n","protected":false},"excerpt":{"rendered":"<p>Ungarns Nationalversammlung wird ihre Arbeit f\u00fcr das Jahr mit einer dreit\u00e4gigen Sitzung ab Montag um 10 Uhr abschlie\u00dfen. Der Montag ist der Er\u00f6rterung von \u00c4nderungsvorschl\u00e4gen gewidmet, wobei am n\u00e4chsten Tag \u00fcber 19 Antr\u00e4ge abgestimmt wird. Die Abstimmungen umfassen eine von der Opposition gef\u00f6rderte Verfassungs\u00e4nderung, die darauf abzielt, die M\u00f6glichkeit der Einrichtung von Gerichten f\u00fcr die [&hellip;]<\/p>\n","protected":false},"author":2,"featured_media":725702,"comment_status":"open","ping_status":"open","sticky":false,"template":"","format":"standard","meta":{"_acf_changed":false,"_display_image":"","footnotes":""},"categories":[1081],"tags":[1326,1207,1658,1076],"class_list":["post-725701","post","type-post","status-publish","format-standard","has-post-thumbnail","hentry","category-politik","tag-gericht","tag-medien","tag-parlament","tag-ungarn"],"blocksy_meta":[],"acf":[],"author_username":"alk","telegram_post":"","public_post_metadata":{"breaking_news":"","important":"","csempe":"","center_tile":"","disable_thumbnail":"","target_lang":"","_featured_image_style":"","telegram_post":"","_xlat_group_id":""},"public_rank_math_data":{"title":"%title% %sep% %sitename%","description":"","focus_keyword":"","canonical_url":"","robots":"","primary_category":"1081","breadcrumb_title":"","facebook_title":"","facebook_description":"","facebook_image":"","facebook_image_id":"","twitter_title":"","twitter_description":"","twitter_image":"","twitter_image_id":"","twitter_card_type":"","twitter_use_facebook":"","advanced_robots":"","pillar_content":"","seo_score":"","contentai_score":"","rich_snippet":""},"_links":{"self":[{"href":"https:\/\/dailynewshungary.com\/de\/wp-json\/wp\/v2\/posts\/725701","targetHints":{"allow":["GET"]}}],"collection":[{"href":"https:\/\/dailynewshungary.com\/de\/wp-json\/wp\/v2\/posts"}],"about":[{"href":"https:\/\/dailynewshungary.com\/de\/wp-json\/wp\/v2\/types\/post"}],"author":[{"embeddable":true,"href":"https:\/\/dailynewshungary.com\/de\/wp-json\/wp\/v2\/users\/2"}],"replies":[{"embeddable":true,"href":"https:\/\/dailynewshungary.com\/de\/wp-json\/wp\/v2\/comments?post=725701"}],"version-history":[{"count":0,"href":"https:\/\/dailynewshungary.com\/de\/wp-json\/wp\/v2\/posts\/725701\/revisions"}],"wp:featuredmedia":[{"embeddable":true,"href":"https:\/\/dailynewshungary.com\/de\/wp-json\/wp\/v2\/media\/725702"}],"wp:attachment":[{"href":"https:\/\/dailynewshungary.com\/de\/wp-json\/wp\/v2\/media?parent=725701"}],"wp:term":[{"taxonomy":"category","embeddable":true,"href":"https:\/\/dailynewshungary.com\/de\/wp-json\/wp\/v2\/categories?post=725701"},{"taxonomy":"post_tag","embeddable":true,"href":"https:\/\/dailynewshungary.com\/de\/wp-json\/wp\/v2\/tags?post=725701"}],"curies":[{"name":"wp","href":"https:\/\/api.w.org\/{rel}","templated":true}]}}