{"id":725993,"date":"2019-11-26T17:15:23","date_gmt":"2019-11-26T16:15:23","guid":{"rendered":"https:\/\/dailynewshungary.com\/de\/libanons-ausenminister-gebran-bassil-besucht-budapest-update\/"},"modified":"2019-11-26T17:15:23","modified_gmt":"2019-11-26T16:15:23","slug":"libanons-ausenminister-gebran-bassil-besucht-budapest-update","status":"publish","type":"post","link":"https:\/\/dailynewshungary.com\/de\/libanons-ausenminister-gebran-bassil-besucht-budapest-update\/","title":{"rendered":"Libanons Au\u00dfenminister Gebran Bassil besucht Budapest \u2013 UPDATE"},"content":{"rendered":"<p><strong>Weil die Entwicklungen im und um den Libanon direkte Auswirkungen auf die Sicherheitslage der Europ\u00e4ischen Union haben, liegt die Gew\u00e4hrleistung von Frieden und Stabilit\u00e4t im Land des Nahen Ostens im grundlegenden Interesse des Blocks und Ungarns, sagte Au\u00dfenminister P\u00e9ter Szijj\u00e1rt\u00f3 nach Gespr\u00e4chen mit seinem libanesischen Amtskollegen in Budapest am Dienstag.<\/strong><\/p>\n<p>Auf einer gemeinsamen Pressekonferenz mit Gebran Bassil lobte Szijj\u00e1rt\u00f3 die Bem\u00fchungen des Libanon, sich um zwei Millionen syrische Fl\u00fcchtlinge zu k\u00fcmmern und gleichzeitig ein Land mit nur sechs Millionen Einwohnern zu sein.<\/p>\n<p>Er sagte, genau aus diesem Grund sollte die EU den Libanon unterst\u00fctzen und forderte die internationale Gemeinschaft auf, ihre Bem\u00fchungen darauf zu konzentrieren, Fl\u00fcchtlingen bei der R\u00fcckkehr in ihre Heimatl\u00e4nder zu helfen.<\/p>\n<blockquote>\n<p>\u201cWir m\u00fcssen vermeiden, einen Prozess zu inspirieren, der eine weitere Migrationswelle in Richtung Libanon ausl\u00f6sen w\u00fcrde, und jede Entscheidung vermeiden, die den zwei Millionen Fl\u00fcchtlingen dort einen Anreiz geben w\u00fcrde, langfristig oder dauerhaft im Land zu bleiben\u201d, sagte Szijj\u00e1rt\u00f3.<\/p>\n<\/blockquote>\n<p>Die ungarische Regierung bekenne sich zu dem Grundsatz, dass Hilfe an dem Ort geleistet werden sollte, an dem sie ben\u00f6tigt werde, anstatt \u00c4rger dort zu bringen, wo es keine gebe, sagte erUngarn m\u00f6chte daher den zwei Millionen syrischen Migranten im Libanon bei der R\u00fcckkehr in ihre Heimat helfen, indem es die richtigen Bedingungen in Syrien schafft, f\u00fcgte der Minister hinzu.<\/p>\n<p>Ungarn unterst\u00fctze den Libanon auf vielf\u00e4ltige Weise, sagte Szijj\u00e1rt\u00f3.<\/p>\n<blockquote>\n<p>Bald wird sie ein Kontingent von 50 Soldaten in den Libanon entsenden, um dort in der Friedensmission der Vereinten Nationen zu dienen.<\/p>\n<\/blockquote>\n<p>Die ungarische Regierung habe bereits 1,5 Millionen Dollar f\u00fcr die Sanierung von 33 christlichen Kirchen im Land gespendet, sagte er. Szijj\u00e1rt\u00f3 f\u00fcgte hinzu, dass er und Bassil vereinbart h\u00e4tten, dass Ungarn weitere 2 Millionen Dollar spenden werde, um den Wiederaufbau weiterer 30 Kirchen zu finanzieren.<\/p>\n<p>Angesichts der wichtigen Rolle des Libanon im Kampf gegen den Terrorismus, sagte Szijj\u00e1rt\u00f3, seien die Anti-Terror-Beh\u00f6rden beider L\u00e4nder in Gespr\u00e4chen \u00fcber die Unterzeichnung eines Kooperationsabkommens.<\/p>\n<p>Der Minister stellte fest, dass Ungarn j\u00e4hrlich 50 libanesischen Studenten Universit\u00e4tsstipendien vergibt.<\/p>\n<p>Bassil betonte auch die Bedeutung der Stabilit\u00e4t des Libanon und sagte dies<\/p>\n<blockquote>\n<p>Instabilit\u00e4t im Land k\u00f6nnte \u201cextreme\u201d Migrationswellen erzeugen, die schlie\u00dflich Europa erreichen k\u00f6nnten.<\/p>\n<\/blockquote>\n<p>Aber, f\u00fcgte er hinzu, Migranten sollten in ihre Heimatl\u00e4nder zur\u00fcckkehren und es d\u00fcrfe ihnen nicht gestattet werden, Europa zu \u00fcberschwemmen.<\/p>\n<p>Er sagte, alle Formen der Verfolgung f\u00fchrten zu Instabilit\u00e4t und unterstrich, wie wichtig es sei, die Vielfalt des Libanon zu bewahren.<\/p>\n<p>Auf der Pressekonferenz unterzeichneten die beiden Minister eine Absichtserkl\u00e4rung \u00fcber ein diplomatisches Austauschprogramm zwischen ihren Ministerien.<\/p>\n<blockquote>\n<p>Bassil traf auch Premierminister Viktor Orb\u00e1n in seinem B\u00fcro im Burgbezirk.<\/p>\n<\/blockquote>\n<ul>\n<li><a href=\"https:\/\/dailynewshungary.com\/de\/libanons-ausenminister-zu-gast-in-ungarn\/\" target=\"_blank\" rel=\"noopener noreferrer\">2017 hatte Libanons Au\u00dfenminister Bassil den letzten Besuch in Ungarn&nbsp;<\/a><\/li>\n<\/ul>\n<p><a class=\"dnh-embed-link\" href=\"https:\/\/dailynewshungary.com\/de\/cee-bischofskonferenzen-gewahren-450-000-eur-hilfe-fur-fluchtlinge-im-libanon\/\"><\/a><\/p>\n<p><a class=\"dnh-embed-link\" href=\"https:\/\/dailynewshungary.com\/de\/cee-bischofskonferenzen-gewahren-450-000-eur-hilfe-fur-fluchtlinge-im-libanon\/\"><\/p>\n<div class=\"dnh-embed\">\n<div class=\"dnh-embed-thumb\"><img loading=\"lazy\" decoding=\"async\" width=\"600\" height=\"400\" src=\"https:\/\/contentf5.dailynewshungary.com\/wp-content\/uploads\/2015\/01\/alap-matyo-600x400.jpg\" class=\"attachment-embed_thumbnail size-embed_thumbnail wp-post-image\" alt=\"T\u00e4gliche Nachrichten Ungarn\" srcset=\"https:\/\/contentf5.dailynewshungary.com\/wp-content\/uploads\/2015\/01\/alap-matyo-600x400.jpg 600w, https:\/\/contentf5.dailynewshungary.com\/wp-content\/uploads\/2015\/01\/alap-matyo-600x400-300x200.jpg 300w, https:\/\/contentf5.dailynewshungary.com\/wp-content\/uploads\/2015\/01\/alap-matyo-600x400-220x147.jpg 220w\" sizes=\"auto, (max-width: 600px) 100vw, 600px\"><\/div>\n<h5 class=\"dnh-embed-title\"><span>Lesen Sie auch<\/span>CEE-Bischofskonferenzen gew\u00e4hren 450.000 EUR Hilfe f\u00fcr Fl\u00fcchtlinge im Libanon<\/h5>\n<\/div>\n<p><\/a><\/p>\n<p><a class=\"dnh-embed-link\" href=\"https:\/\/dailynewshungary.com\/de\/cee-bischofskonferenzen-gewahren-450-000-eur-hilfe-fur-fluchtlinge-im-libanon\/\"><\/a><\/p>\n","protected":false},"excerpt":{"rendered":"<p>Weil die Entwicklungen im und um den Libanon direkte Auswirkungen auf die Sicherheitslage der Europ\u00e4ischen Union haben, liegt die Gew\u00e4hrleistung von Frieden und Stabilit\u00e4t im Land des Nahen Ostens im grundlegenden Interesse des Blocks und Ungarns, sagte Au\u00dfenminister P\u00e9ter Szijj\u00e1rt\u00f3 nach Gespr\u00e4chen mit seinem libanesischen Amtskollegen in Budapest am Dienstag. Auf einer gemeinsamen Pressekonferenz mit [&hellip;]<\/p>\n","protected":false},"author":2,"featured_media":725994,"comment_status":"open","ping_status":"open","sticky":false,"template":"","format":"standard","meta":{"_acf_changed":false,"_display_image":"","footnotes":""},"categories":[1081],"tags":[1470,1445,1580,1076],"class_list":["post-725993","post","type-post","status-publish","format-standard","has-post-thumbnail","hentry","category-politik","tag-ausenministerium-fur-ungarn","tag-migration","tag-naher-osten","tag-ungarn"],"blocksy_meta":[],"acf":[],"author_username":"alk","telegram_post":"","public_post_metadata":{"breaking_news":"no","important":"no","csempe":"no","center_tile":"no","disable_thumbnail":"","target_lang":"","_featured_image_style":"","telegram_post":"","_xlat_group_id":""},"public_rank_math_data":{"title":"%title% %sep% %sitename%","description":"","focus_keyword":"","canonical_url":"","robots":"","primary_category":"1081","breadcrumb_title":"","facebook_title":"","facebook_description":"","facebook_image":"","facebook_image_id":"","twitter_title":"","twitter_description":"","twitter_image":"","twitter_image_id":"","twitter_card_type":"","twitter_use_facebook":"","advanced_robots":"","pillar_content":"","seo_score":"","contentai_score":"","rich_snippet":""},"_links":{"self":[{"href":"https:\/\/dailynewshungary.com\/de\/wp-json\/wp\/v2\/posts\/725993","targetHints":{"allow":["GET"]}}],"collection":[{"href":"https:\/\/dailynewshungary.com\/de\/wp-json\/wp\/v2\/posts"}],"about":[{"href":"https:\/\/dailynewshungary.com\/de\/wp-json\/wp\/v2\/types\/post"}],"author":[{"embeddable":true,"href":"https:\/\/dailynewshungary.com\/de\/wp-json\/wp\/v2\/users\/2"}],"replies":[{"embeddable":true,"href":"https:\/\/dailynewshungary.com\/de\/wp-json\/wp\/v2\/comments?post=725993"}],"version-history":[{"count":0,"href":"https:\/\/dailynewshungary.com\/de\/wp-json\/wp\/v2\/posts\/725993\/revisions"}],"wp:featuredmedia":[{"embeddable":true,"href":"https:\/\/dailynewshungary.com\/de\/wp-json\/wp\/v2\/media\/725994"}],"wp:attachment":[{"href":"https:\/\/dailynewshungary.com\/de\/wp-json\/wp\/v2\/media?parent=725993"}],"wp:term":[{"taxonomy":"category","embeddable":true,"href":"https:\/\/dailynewshungary.com\/de\/wp-json\/wp\/v2\/categories?post=725993"},{"taxonomy":"post_tag","embeddable":true,"href":"https:\/\/dailynewshungary.com\/de\/wp-json\/wp\/v2\/tags?post=725993"}],"curies":[{"name":"wp","href":"https:\/\/api.w.org\/{rel}","templated":true}]}}