{"id":726092,"date":"2019-11-21T17:05:00","date_gmt":"2019-11-21T16:05:00","guid":{"rendered":"https:\/\/dailynewshungary.com\/de\/die-gesprache-uber-freihandelsabkommen-mussen-beschleunigt-werden-sagt-ungarische-fm\/"},"modified":"2019-11-21T17:05:00","modified_gmt":"2019-11-21T16:05:00","slug":"die-gesprache-uber-freihandelsabkommen-mussen-beschleunigt-werden-sagt-ungarische-fm","status":"publish","type":"post","link":"https:\/\/dailynewshungary.com\/de\/die-gesprache-uber-freihandelsabkommen-mussen-beschleunigt-werden-sagt-ungarische-fm\/","title":{"rendered":"Die Gespr\u00e4che \u00fcber Freihandelsabkommen m\u00fcssen beschleunigt werden, sagt Ungarische FM"},"content":{"rendered":"<p><strong>Von der neuen Europ\u00e4ischen Kommission werde erwartet, dass sie die Gespr\u00e4che \u00fcber Freihandelsabkommen beschleunigt, sagte Au\u00dfenminister P\u00e9ter Szijj\u00e1rt\u00f3 w\u00e4hrend einer Pause beim Treffen der Au\u00dfenminister der Europ\u00e4ischen Union am Donnerstag in Br\u00fcssel.<\/strong><\/p>\n<p>Ungarns Interesse liege darin, die Weltwirtschaft so offen wie m\u00f6glich zu halten und weniger Z\u00f6lle und andere Hindernisse, Beschr\u00e4nkungen und Sanktionen in Kraft zu setzen, sagte er.<\/p>\n<blockquote>\n<p>\u201cJe weniger davon in Kraft sind, desto besser f\u00fcr uns\u201d, f\u00fcgte er hinzu.<\/p>\n<\/blockquote>\n<p>Eine weitere Erwartung der neuen EG in Br\u00fcssel sei, dass sie Wirtschafts- und Handelsfragen nicht mit politischen Angelegenheiten vermischen d\u00fcrfe, sagte Szijj\u00e1rt\u00f3.<\/p>\n<p>\u201cFreihandelsabkommen d\u00fcrfen nicht als Mittel zur Lehre genutzt werden, denn das hat immer zum Scheitern gef\u00fchrt\u201d, f\u00fcgte er hinzu.<\/p>\n<p>Die EG sollte die ins Stocken geratenen Freihandelsgespr\u00e4che mit den Philippinen, Indonesien, Malaysia und Thailand unverz\u00fcglich wieder aufnehmen, sagte erEs ist unsinnig, dass einige Abkommen seit etwa zehn Jahren nicht unterzeichnet wurdenf\u00fcgte er hinzu.<\/p>\n<p>Szijj\u00e1rt\u00f3 forderte die Abschaffung der \u201eDoppelstandards\u201cim Zusammenhang mit China. Die mitteleurop\u00e4ischen L\u00e4nder seien f\u00fcr verschiedene Gesch\u00e4fte mit China kritisiert worden, w\u00e4hrend die Westler gro\u00df angelegte Abkommen geschlossen h\u00e4tten, ohne dass jemand Einw\u00e4nde erhoben habe, sagte er.<\/p>\n<blockquote>\n<p>Er sagte, statt Beschwerden und politische Erkl\u00e4rungen abzugeben, sei es an der Zeit zu akzeptieren, dass die US-Regierung eine patriotische Wirtschaftspolitik verfolgeEr forderte, dass Vereinbarungen auf professioneller Basis unterzeichnet werden.<\/p>\n<\/blockquote>\n<p>Szijj\u00e1rt\u00f3 nannte die ungarische Wirtschaft \u201ceine Erfolgsgeschichte\u201d und f\u00fcgte hinzu, dass sie im EU-Vergleich ein herausragendes Wachstum hervorgebracht habe. Der allm\u00e4hliche Anstieg der Exporte in den letzten neun Jahren, bei dem die Jahresrekorde mehrmals gebrochen wurden, habe dabei eine wichtige Rolle gespielt, sagte er.<\/p>\n<p>Ungarn sei eines von 35 L\u00e4ndern weltweit, die j\u00e4hrlich Exporte von mehr als 100 Milliarden Euro erwirtschafteten, sagte er \u201cWir sind auch global wettbewerbsf\u00e4hig geworden\u201d<\/p>\n","protected":false},"excerpt":{"rendered":"<p>Von der neuen Europ\u00e4ischen Kommission werde erwartet, dass sie die Gespr\u00e4che \u00fcber Freihandelsabkommen beschleunigt, sagte Au\u00dfenminister P\u00e9ter Szijj\u00e1rt\u00f3 w\u00e4hrend einer Pause beim Treffen der Au\u00dfenminister der Europ\u00e4ischen Union am Donnerstag in Br\u00fcssel. Ungarns Interesse liege darin, die Weltwirtschaft so offen wie m\u00f6glich zu halten und weniger Z\u00f6lle und andere Hindernisse, Beschr\u00e4nkungen und Sanktionen in Kraft [&hellip;]<\/p>\n","protected":false},"author":46,"featured_media":0,"comment_status":"open","ping_status":"open","sticky":false,"template":"","format":"standard","meta":{"_acf_changed":false,"_display_image":"","footnotes":""},"categories":[1101],"tags":[1470,1171,1076,1104],"class_list":["post-726092","post","type-post","status-publish","format-standard","hentry","category-flashnews","tag-ausenministerium-fur-ungarn","tag-handel","tag-ungarn","tag-wirtschaft"],"blocksy_meta":[],"acf":[],"author_username":"barbara.smn","telegram_post":"","public_post_metadata":{"breaking_news":"","important":"","csempe":"","center_tile":"","disable_thumbnail":"","target_lang":"","_featured_image_style":"","telegram_post":"","_xlat_group_id":""},"public_rank_math_data":{"title":"%title% %sep% %sitename%","description":"","focus_keyword":"","canonical_url":"","robots":"","primary_category":"1101","breadcrumb_title":"","facebook_title":"","facebook_description":"","facebook_image":"","facebook_image_id":"","twitter_title":"","twitter_description":"","twitter_image":"","twitter_image_id":"","twitter_card_type":"","twitter_use_facebook":"","advanced_robots":"","pillar_content":"","seo_score":"","contentai_score":"","rich_snippet":""},"_links":{"self":[{"href":"https:\/\/dailynewshungary.com\/de\/wp-json\/wp\/v2\/posts\/726092","targetHints":{"allow":["GET"]}}],"collection":[{"href":"https:\/\/dailynewshungary.com\/de\/wp-json\/wp\/v2\/posts"}],"about":[{"href":"https:\/\/dailynewshungary.com\/de\/wp-json\/wp\/v2\/types\/post"}],"author":[{"embeddable":true,"href":"https:\/\/dailynewshungary.com\/de\/wp-json\/wp\/v2\/users\/46"}],"replies":[{"embeddable":true,"href":"https:\/\/dailynewshungary.com\/de\/wp-json\/wp\/v2\/comments?post=726092"}],"version-history":[{"count":0,"href":"https:\/\/dailynewshungary.com\/de\/wp-json\/wp\/v2\/posts\/726092\/revisions"}],"wp:attachment":[{"href":"https:\/\/dailynewshungary.com\/de\/wp-json\/wp\/v2\/media?parent=726092"}],"wp:term":[{"taxonomy":"category","embeddable":true,"href":"https:\/\/dailynewshungary.com\/de\/wp-json\/wp\/v2\/categories?post=726092"},{"taxonomy":"post_tag","embeddable":true,"href":"https:\/\/dailynewshungary.com\/de\/wp-json\/wp\/v2\/tags?post=726092"}],"curies":[{"name":"wp","href":"https:\/\/api.w.org\/{rel}","templated":true}]}}