{"id":726167,"date":"2019-11-18T16:45:00","date_gmt":"2019-11-18T15:45:00","guid":{"rendered":"https:\/\/dailynewshungary.com\/de\/kabinett-orban-judische-kongregation-unterzeichnen-umfassenden-pakt\/"},"modified":"2019-11-18T16:45:00","modified_gmt":"2019-11-18T15:45:00","slug":"kabinett-orban-judische-kongregation-unterzeichnen-umfassenden-pakt","status":"publish","type":"post","link":"https:\/\/dailynewshungary.com\/de\/kabinett-orban-judische-kongregation-unterzeichnen-umfassenden-pakt\/","title":{"rendered":"Kabinett Orb\u00e1n, j\u00fcdische Kongregation unterzeichnen umfassenden Pakt"},"content":{"rendered":"<p><strong>Die Regierung und die Einheitliche Ungarische J\u00fcdische Kongregation (EMIH) haben am Montag in Budapest ein umfassendes Abkommen unterzeichnet.<\/strong><\/p>\n<p>Unterzeichnet wurde das Dokument von Zsolt Semj\u00e9n, dem stellvertretenden Ministerpr\u00e4sidenten, der f\u00fcr ungarische Gemeinden im Ausland, Kirchenpolitik sowie nationale und ethnische Minderheiten zust\u00e4ndig ist, und EMIH-Oberrabbiner Slom\u00f3 K\u00f6ves in den R\u00e4umlichkeiten des Burgbezirks des B\u00fcros des Ministerpr\u00e4sidenten.<\/p>\n<ul>\n<li><a href=\"https:\/\/dailynewshungary.com\/de\/einzigartiges-judisches-kulturzentrum-wird-in-budapest-eroffnet\/\" target=\"_blank\" rel=\"noopener noreferrer\">Einzigartiges j\u00fcdisches Kulturzentrum wird in Budapest er\u00f6ffnet<\/a><\/li>\n<li><a href=\"https:\/\/dailynewshungary.com\/de\/eine-der-traurigsten-sehenswurdigkeiten-der-welt-befindet-sich-im-judischen-viertel-von-budapest\/\" target=\"_blank\" rel=\"noopener noreferrer\">Eine der traurigsten Sehensw\u00fcrdigkeiten der Welt befindet sich im j\u00fcdischen Viertel von Budapest<\/a><\/li>\n<\/ul>\n<blockquote>\n<p>Mit der Unterzeichnung des Abkommens w\u00fcrdigt der ungarische Staat die historischen Traditionen der j\u00fcdischen Gemeinde und \u201cden Dienst der EMIH an der Renaissance der j\u00fcdischen Gemeinde Ungarns\u201d, sagte Semj\u00e9n bei der Unterzeichnungszeremonie.<\/p>\n<\/blockquote>\n<p>Der stellvertretende Premierminister stellte fest, dass alle drei j\u00fcdischen Gemeinden Ungarns, der Autonome Verband j\u00fcdischer Gemeinden in Ungarn (Mazsihz), die Ungarische Orthodoxe J\u00fcdische Gemeinschaft (MAO) und EMIH, als Religionsgemeinschaften \u201ein der h\u00f6chsten Kategorie\u201canerkannt sind. Er f\u00fcgte hinzu, dass<\/p>\n<blockquote>\n<p>Die Unterzeichnung separater Vereinbarungen mit den Gemeinden bedeutete auch die h\u00f6chste Form der Anerkennung im symbolischen und finanziellen Sinne.<\/p>\n<\/blockquote>\n<figure id=\"attachment_287055\" aria-describedby=\"caption-attachment-287055\" style=\"width: 1024px\" class=\"wp-caption aligncenter\"><img loading=\"lazy\" decoding=\"async\" class=\"size-large wp-image-287055\" src=\"https:\/\/dailynewshungary.com\/wp-content\/uploads\/2019\/11\/jewish-community-hungary-KDNP-1024x682.jpg\" alt=\"Juwelengemeinschaft-ungar\" width=\"1024\" height=\"682\" srcset=\"https:\/\/contentf5.dailynewshungary.com\/wp-content\/uploads\/2019\/11\/jewish-community-hungary-KDNP-1024x682.jpg 1024w, https:\/\/contentf5.dailynewshungary.com\/wp-content\/uploads\/2019\/11\/jewish-community-hungary-KDNP-300x200.jpg 300w, https:\/\/contentf5.dailynewshungary.com\/wp-content\/uploads\/2019\/11\/jewish-community-hungary-KDNP-768x512.jpg 768w, https:\/\/contentf5.dailynewshungary.com\/wp-content\/uploads\/2019\/11\/jewish-community-hungary-KDNP-800x533.jpg 800w, https:\/\/contentf5.dailynewshungary.com\/wp-content\/uploads\/2019\/11\/jewish-community-hungary-KDNP-1160x773.jpg 1160w, https:\/\/contentf5.dailynewshungary.com\/wp-content\/uploads\/2019\/11\/jewish-community-hungary-KDNP.jpg 1280w\" sizes=\"auto, (max-width: 1024px) 100vw, 1024px\"><figcaption id=\"caption-attachment-287055\" class=\"wp-caption-text\">Foto: MTI<\/figcaption><\/figure>\n<p>Der Staat Ungarn habe w\u00e4hrend der ersten Amtszeit von Viktor Orb\u00e1n als Ministerpr\u00e4sident Pakte mit Mazsihisz und MAOIH unterzeichnet, bemerkte Semj\u00e9nDas neue Abkommen mit EMIH stelle eine formelle Anerkennung der gesamten j\u00fcdischen Gemeinde Ungarns dar, f\u00fcgte er hinzu.<\/p>\n<p>Im Rahmen des Pakts haben die von EMIH eingerichteten und betriebenen Institutionen Anspruch auf die gleiche H\u00f6he an Finanzmitteln wie staatliche Institutionen, die \u00e4hnliche Aufgaben wahrnehmen, sagte Semj\u00e9n.<\/p>\n<p>EMIH habe au\u00dferdem freie Hand bei der Sanierung und Instandhaltung l\u00e4ndlicher j\u00fcdischer Einrichtungen, die nach dem Holocaust \u201everwaist\u201cwurden, f\u00fcgte der stellvertretende Premierminister hinzu.<\/p>\n<blockquote>\n<p>David Lau, aschkenasischer Oberrabbiner Israels, sagte, das Abkommen w\u00fcrde sowohl die Bewahrung vergangener Werte gew\u00e4hrleisten als auch Leitlinien f\u00fcr den Aufbau der Zukunft bieten.<\/p>\n<\/blockquote>\n<p>Vor der Unterzeichnung des Abkommens hatte Lau Gespr\u00e4che mit Premierminister Viktor Orban gef\u00fchrt. Lau sagte, der Premierminister sch\u00e4tze die Bedeutung des Respekts vor der Vergangenheit und strebe danach, \u201eeine bessere Zukunft aufzubauen, indem er aus der Vergangenheit sch\u00f6pft\u201c.<\/p>\n","protected":false},"excerpt":{"rendered":"<p>Die Regierung und die Einheitliche Ungarische J\u00fcdische Kongregation (EMIH) haben am Montag in Budapest ein umfassendes Abkommen unterzeichnet. Unterzeichnet wurde das Dokument von Zsolt Semj\u00e9n, dem stellvertretenden Ministerpr\u00e4sidenten, der f\u00fcr ungarische Gemeinden im Ausland, Kirchenpolitik sowie nationale und ethnische Minderheiten zust\u00e4ndig ist, und EMIH-Oberrabbiner Slom\u00f3 K\u00f6ves in den R\u00e4umlichkeiten des Burgbezirks des B\u00fcros des Ministerpr\u00e4sidenten. [&hellip;]<\/p>\n","protected":false},"author":2,"featured_media":726168,"comment_status":"open","ping_status":"open","sticky":false,"template":"","format":"standard","meta":{"_acf_changed":false,"_display_image":"","footnotes":""},"categories":[1081],"tags":[1134,1076,1128],"class_list":["post-726167","post","type-post","status-publish","format-standard","has-post-thumbnail","hentry","category-politik","tag-religion","tag-ungarn","tag-viktor-orban"],"blocksy_meta":[],"acf":[],"author_username":"alk","telegram_post":"","public_post_metadata":{"breaking_news":"","important":"","csempe":"","center_tile":"","disable_thumbnail":"","target_lang":"","_featured_image_style":"","telegram_post":"","_xlat_group_id":""},"public_rank_math_data":{"title":"%title% %sep% %sitename%","description":"","focus_keyword":"","canonical_url":"","robots":"","primary_category":"1081","breadcrumb_title":"","facebook_title":"","facebook_description":"","facebook_image":"","facebook_image_id":"","twitter_title":"","twitter_description":"","twitter_image":"","twitter_image_id":"","twitter_card_type":"","twitter_use_facebook":"","advanced_robots":"","pillar_content":"","seo_score":"","contentai_score":"","rich_snippet":""},"_links":{"self":[{"href":"https:\/\/dailynewshungary.com\/de\/wp-json\/wp\/v2\/posts\/726167","targetHints":{"allow":["GET"]}}],"collection":[{"href":"https:\/\/dailynewshungary.com\/de\/wp-json\/wp\/v2\/posts"}],"about":[{"href":"https:\/\/dailynewshungary.com\/de\/wp-json\/wp\/v2\/types\/post"}],"author":[{"embeddable":true,"href":"https:\/\/dailynewshungary.com\/de\/wp-json\/wp\/v2\/users\/2"}],"replies":[{"embeddable":true,"href":"https:\/\/dailynewshungary.com\/de\/wp-json\/wp\/v2\/comments?post=726167"}],"version-history":[{"count":0,"href":"https:\/\/dailynewshungary.com\/de\/wp-json\/wp\/v2\/posts\/726167\/revisions"}],"wp:featuredmedia":[{"embeddable":true,"href":"https:\/\/dailynewshungary.com\/de\/wp-json\/wp\/v2\/media\/726168"}],"wp:attachment":[{"href":"https:\/\/dailynewshungary.com\/de\/wp-json\/wp\/v2\/media?parent=726167"}],"wp:term":[{"taxonomy":"category","embeddable":true,"href":"https:\/\/dailynewshungary.com\/de\/wp-json\/wp\/v2\/categories?post=726167"},{"taxonomy":"post_tag","embeddable":true,"href":"https:\/\/dailynewshungary.com\/de\/wp-json\/wp\/v2\/tags?post=726167"}],"curies":[{"name":"wp","href":"https:\/\/api.w.org\/{rel}","templated":true}]}}