{"id":726279,"date":"2019-11-13T11:09:14","date_gmt":"2019-11-13T10:09:14","guid":{"rendered":"https:\/\/dailynewshungary.com\/de\/ehrengast-ungarns-auf-der-china-hi-tech-fair-in-shenzhen\/"},"modified":"2019-11-13T11:09:14","modified_gmt":"2019-11-13T10:09:14","slug":"ehrengast-ungarns-auf-der-china-hi-tech-fair-in-shenzhen","status":"publish","type":"post","link":"https:\/\/dailynewshungary.com\/de\/ehrengast-ungarns-auf-der-china-hi-tech-fair-in-shenzhen\/","title":{"rendered":"Ehrengast Ungarns auf der China Hi-Tech Fair in Shenzhen"},"content":{"rendered":"<p><strong>Ungarn sei dank seiner Erfolge im Bereich Spitzentechnologie Ehrengast einer der wichtigsten chinesischen High-Tech-Veranstaltungen, sagte Innovations- und Technologieminister L\u00e1szl\u00f3 Palkovics am Mittwoch gegen\u00fcber MTI, nachdem er den ungarischen Pavillon auf der 21. China Hi-Tech Fair er\u00f6ffnet hatte (CHTF) in Shenzhen im S\u00fcdosten Chinas.<\/strong><\/p>\n<p>Palkovics stellte fest, dass Ungarn dazu \u00fcbergegangen sei, Spitzentechnologie in seine Industrie und Dienstleistungen zu integrierenAuf der Liste der L\u00e4nder der Europ\u00e4ischen Union des Internationalen W\u00e4hrungsfonds biete Ungarn nach Deutschland und D\u00e4nemark die \u201ch\u00f6chsten Hightech-Inhalte\u201d in seinen Produkten, sagte er.<\/p>\n<p>Der ungarische Pavillon ist um das Thema \u201cKontinuum Realit\u00e4t-Virtualit\u00e4t\u201d herum aufgebaut, mit spektakul\u00e4ren L\u00f6sungen, die ungarische Innovation und akademische Leistungen pr\u00e4sentieren Eine \u201cintelligente Wand\u201d pr\u00e4sentiert ungarische Erfindungen, w\u00e4hrend interaktive L\u00f6sungen Einblicke in die Ergebnisse bei der Entwicklung selbstfahrender Autos und der Laserforschung bieten.<\/p>\n<p>CHTF, das bis zum 17. November l\u00e4uft, konzentriert sich auf elektronische Informationen, Energiemanagement und Umweltschutz sowie bahnbrechende Arbeiten in den Bereichen neue Materialien, medizinische Biologie, Elektrooptik, Smart Cities und k\u00fcnstliche Intelligenz.<\/p>\n<blockquote>\n<p>Im vergangenen Jahr beherbergte die Messe 3.300 Aussteller und zog \u00fcber 500.000 Besucher an.<\/p>\n<\/blockquote>\n<ul>\n<li><a href=\"https:\/\/dailynewshungary.com\/de\/ungarn-und-china-unterzeichnen-kooperationsabkommen-in-den-bereichen-innovation-forschung-und-logistik\/\" target=\"_blank\" rel=\"noopener noreferrer\">Ungarn und China unterzeichnen Kooperationsabkommen in den Bereichen Innovation, Forschung und Logistik<\/a><\/li>\n<li><a href=\"https:\/\/dailynewshungary.com\/de\/berufsausbildung-zum-ungarisch-chinesischen-bildungsrahmenabkommen-hinzugefugt-sagt-minister-in-peking\/\" target=\"_blank\" rel=\"noopener noreferrer\">Berufsausbildung zum ungarisch-chinesischen Bildungsrahmenabkommen hinzugef\u00fcgt<\/a><\/li>\n<\/ul>\n<p>Palkovics traf sich auch mit Vertretern von in Ungarn anwesenden Unternehmen, um die St\u00e4rkung der Beziehungen zwischen den L\u00e4ndern voranzutreiben. Er traf den Leiter von BYD, einem Unternehmen, das Elektrobusse in Komarom in Nordungarn herstellt, um M\u00f6glichkeiten der Beteiligung von BYD an der Entwicklung von Elektrofahrzeugen zu besprechen.<\/p>\n<p>Er diskutierte auch Kooperationsm\u00f6glichkeiten mit BGI, einem f\u00fchrenden chinesischen Unternehmen in der Gensequenzierungstechnologie.<\/p>\n<blockquote>\n<p>Palkovics traf den B\u00fcrgermeister von Shenzhen zu Gespr\u00e4chen \u00fcber ein Austauschprogramm in Bildung und Forschung, an dem die Unternehmen sowohl in der chinesischen Stadt als auch in Ungarn beteiligt waren.<\/p>\n<\/blockquote>\n<p>Angesichts der Gr\u00f6\u00dfenunterschiede zwischen Ungarn und <a href=\"https:\/\/dailynewshungary.com\/de\/der-grose-britische-zuguberfall-wie-eine-15-kopfige-bande-1963-26-millionen-pfund-stahl\/\" target=\"_blank\" rel=\"noopener noreferrer\">China<\/a>\u201eDie Zusammenarbeit k\u00f6nnte durchaus getrennt mit chinesischen St\u00e4dten verwaltet werden, sagte Palkovics. Shenzhen mit seinen 12,5 Millionen Einwohnern und 5.500 Unternehmen, darunter viele in Ungarn aktive, w\u00fcrde hervorragende M\u00f6glichkeiten bieten, sagte er. Huawei, ZTE, BYD und Comlink sind sowohl in der Stadt als auch in Ungarn vertreten, bemerkte er. Der B\u00fcrgermeister der Stadt und Palkovics einigten sich darauf, an einer strukturierten Zusammenarbeit zwischen der Stadt und Ungarn zu arbeiten, sagte er.<\/p>\n","protected":false},"excerpt":{"rendered":"<p>Ungarn sei dank seiner Erfolge im Bereich Spitzentechnologie Ehrengast einer der wichtigsten chinesischen High-Tech-Veranstaltungen, sagte Innovations- und Technologieminister L\u00e1szl\u00f3 Palkovics am Mittwoch gegen\u00fcber MTI, nachdem er den ungarischen Pavillon auf der 21. China Hi-Tech Fair er\u00f6ffnet hatte (CHTF) in Shenzhen im S\u00fcdosten Chinas. Palkovics stellte fest, dass Ungarn dazu \u00fcbergegangen sei, Spitzentechnologie in seine Industrie [&hellip;]<\/p>\n","protected":false},"author":2,"featured_media":0,"comment_status":"open","ping_status":"open","sticky":false,"template":"","format":"standard","meta":{"_acf_changed":false,"_display_image":"","footnotes":""},"categories":[1281],"tags":[1162,1407,1436,1476,1076],"class_list":["post-726279","post","type-post","status-publish","format-standard","hentry","category-geschaft","tag-china","tag-es","tag-event","tag-technologie-2","tag-ungarn"],"blocksy_meta":[],"acf":[],"author_username":"alk","telegram_post":"","public_post_metadata":{"breaking_news":"","important":"","csempe":"","center_tile":"","disable_thumbnail":"","target_lang":"","_featured_image_style":"","telegram_post":"","_xlat_group_id":""},"public_rank_math_data":{"title":"%title% %sep% %sitename%","description":"","focus_keyword":"","canonical_url":"","robots":"","primary_category":"1281","breadcrumb_title":"","facebook_title":"","facebook_description":"","facebook_image":"","facebook_image_id":"","twitter_title":"","twitter_description":"","twitter_image":"","twitter_image_id":"","twitter_card_type":"","twitter_use_facebook":"","advanced_robots":"","pillar_content":"","seo_score":"","contentai_score":"","rich_snippet":""},"_links":{"self":[{"href":"https:\/\/dailynewshungary.com\/de\/wp-json\/wp\/v2\/posts\/726279","targetHints":{"allow":["GET"]}}],"collection":[{"href":"https:\/\/dailynewshungary.com\/de\/wp-json\/wp\/v2\/posts"}],"about":[{"href":"https:\/\/dailynewshungary.com\/de\/wp-json\/wp\/v2\/types\/post"}],"author":[{"embeddable":true,"href":"https:\/\/dailynewshungary.com\/de\/wp-json\/wp\/v2\/users\/2"}],"replies":[{"embeddable":true,"href":"https:\/\/dailynewshungary.com\/de\/wp-json\/wp\/v2\/comments?post=726279"}],"version-history":[{"count":0,"href":"https:\/\/dailynewshungary.com\/de\/wp-json\/wp\/v2\/posts\/726279\/revisions"}],"wp:attachment":[{"href":"https:\/\/dailynewshungary.com\/de\/wp-json\/wp\/v2\/media?parent=726279"}],"wp:term":[{"taxonomy":"category","embeddable":true,"href":"https:\/\/dailynewshungary.com\/de\/wp-json\/wp\/v2\/categories?post=726279"},{"taxonomy":"post_tag","embeddable":true,"href":"https:\/\/dailynewshungary.com\/de\/wp-json\/wp\/v2\/tags?post=726279"}],"curies":[{"name":"wp","href":"https:\/\/api.w.org\/{rel}","templated":true}]}}