{"id":726572,"date":"2019-10-30T11:00:19","date_gmt":"2019-10-30T10:00:19","guid":{"rendered":"https:\/\/dailynewshungary.com\/de\/jobbik-verschiebt-nationalkongress\/"},"modified":"2019-10-30T11:00:19","modified_gmt":"2019-10-30T10:00:19","slug":"jobbik-verschiebt-nationalkongress","status":"publish","type":"post","link":"https:\/\/dailynewshungary.com\/de\/jobbik-verschiebt-nationalkongress\/","title":{"rendered":"Jobbik verschiebt Nationalkongress"},"content":{"rendered":"<p><strong>&nbsp;Die oppositionelle Jobbik-Partei hat beschlossen, ihren Nationalkongress zur Wahl neuer Funktion\u00e4re auf das Fr\u00fchjahr 2020 zu verschieben.<\/strong><\/p>\n<p>Die konservative Partei erkl\u00e4rte am Mittwoch in einer Erkl\u00e4rung, dass ihr Landesvorstand die Verl\u00e4ngerung des Mandats der derzeitigen F\u00fchrung um weitere zweieinhalb Jahre abgelehnt habe, ein Vorschlag, der Tamas Sneider, den, erhalten h\u00e4tte <a href=\"https:\/\/dailynewshungary.com\/de\/der-grose-britische-zuguberfall-wie-eine-15-kopfige-bande-1963-26-millionen-pfund-stahl\/\" target=\"_blank\" rel=\"noopener noreferrer\">Jobbik<\/a> Parteivorsitzender und sein Team im Vorfeld der Parlamentswahlen 2022.<\/p>\n<p>Als P\u00e9ter Jakab, der Fraktionsvorsitzende der Partei, seine Kandidatur f\u00fcr die F\u00fchrung der Partei jedoch zur\u00fcckzog, forderte der Landesvorstand die derzeitige F\u00fchrung auf, bis n\u00e4chsten Mai im Amt zu bleiben.<\/p>\n<p>Urspr\u00fcnglich war der Nationalkongress der Partei f\u00fcr diesen November geplant.<\/p>\n<p>https:\/\/dailynewshungary.com\/news_to_go\/former-leader-vona-quits-jobbik\/<\/p>\n","protected":false},"excerpt":{"rendered":"<p>&nbsp;Die oppositionelle Jobbik-Partei hat beschlossen, ihren Nationalkongress zur Wahl neuer Funktion\u00e4re auf das Fr\u00fchjahr 2020 zu verschieben. Die konservative Partei erkl\u00e4rte am Mittwoch in einer Erkl\u00e4rung, dass ihr Landesvorstand die Verl\u00e4ngerung des Mandats der derzeitigen F\u00fchrung um weitere zweieinhalb Jahre abgelehnt habe, ein Vorschlag, der Tamas Sneider, den, erhalten h\u00e4tte Jobbik Parteivorsitzender und sein Team [&hellip;]<\/p>\n","protected":false},"author":2,"featured_media":726573,"comment_status":"open","ping_status":"open","sticky":false,"template":"","format":"standard","meta":{"_acf_changed":false,"_display_image":"","footnotes":""},"categories":[1081],"tags":[1632,1076],"class_list":["post-726572","post","type-post","status-publish","format-standard","has-post-thumbnail","hentry","category-politik","tag-jobbik","tag-ungarn"],"blocksy_meta":[],"acf":[],"author_username":"alk","telegram_post":"","public_post_metadata":{"breaking_news":"","important":"","csempe":"","center_tile":"","disable_thumbnail":"","target_lang":"","_featured_image_style":"","telegram_post":"","_xlat_group_id":""},"public_rank_math_data":{"title":"%title% %sep% %sitename%","description":"","focus_keyword":"","canonical_url":"","robots":"","primary_category":"1081","breadcrumb_title":"","facebook_title":"","facebook_description":"","facebook_image":"","facebook_image_id":"","twitter_title":"","twitter_description":"","twitter_image":"","twitter_image_id":"","twitter_card_type":"","twitter_use_facebook":"","advanced_robots":"","pillar_content":"","seo_score":"","contentai_score":"","rich_snippet":""},"_links":{"self":[{"href":"https:\/\/dailynewshungary.com\/de\/wp-json\/wp\/v2\/posts\/726572","targetHints":{"allow":["GET"]}}],"collection":[{"href":"https:\/\/dailynewshungary.com\/de\/wp-json\/wp\/v2\/posts"}],"about":[{"href":"https:\/\/dailynewshungary.com\/de\/wp-json\/wp\/v2\/types\/post"}],"author":[{"embeddable":true,"href":"https:\/\/dailynewshungary.com\/de\/wp-json\/wp\/v2\/users\/2"}],"replies":[{"embeddable":true,"href":"https:\/\/dailynewshungary.com\/de\/wp-json\/wp\/v2\/comments?post=726572"}],"version-history":[{"count":0,"href":"https:\/\/dailynewshungary.com\/de\/wp-json\/wp\/v2\/posts\/726572\/revisions"}],"wp:featuredmedia":[{"embeddable":true,"href":"https:\/\/dailynewshungary.com\/de\/wp-json\/wp\/v2\/media\/726573"}],"wp:attachment":[{"href":"https:\/\/dailynewshungary.com\/de\/wp-json\/wp\/v2\/media?parent=726572"}],"wp:term":[{"taxonomy":"category","embeddable":true,"href":"https:\/\/dailynewshungary.com\/de\/wp-json\/wp\/v2\/categories?post=726572"},{"taxonomy":"post_tag","embeddable":true,"href":"https:\/\/dailynewshungary.com\/de\/wp-json\/wp\/v2\/tags?post=726572"}],"curies":[{"name":"wp","href":"https:\/\/api.w.org\/{rel}","templated":true}]}}