{"id":726593,"date":"2019-10-29T13:40:06","date_gmt":"2019-10-29T12:40:06","guid":{"rendered":"https:\/\/dailynewshungary.com\/de\/einer-von-zwei-auf-mallorca-vermissten-ungarn-tot-aufgefunden-update\/"},"modified":"2019-10-29T13:40:06","modified_gmt":"2019-10-29T12:40:06","slug":"einer-von-zwei-auf-mallorca-vermissten-ungarn-tot-aufgefunden-update","status":"publish","type":"post","link":"https:\/\/dailynewshungary.com\/de\/einer-von-zwei-auf-mallorca-vermissten-ungarn-tot-aufgefunden-update\/","title":{"rendered":"Einer von zwei auf Mallorca vermissten Ungarn tot aufgefunden \u2013 UPDATE"},"content":{"rendered":"<p><strong>Entgegen spanischen und ungarischen Presseberichten sei die Suche nach zwei ungarischen Touristen, die letzte Woche auf der Insel Mallorca verschwunden waren, ausgeweitet und nicht suspendiert worden, sagte ein Staatssekret\u00e4r des ungarischen Au\u00dfenministeriums am Dienstag.<\/strong><\/p>\n<ul>\n<li><a href=\"https:\/\/dailynewshungary.com\/de\/spanische-behorden-suchen-nach-vermissten-ungarischen-touristen\/\" target=\"_blank\" rel=\"noopener noreferrer\">Spanische Beh\u00f6rden suchen nach vermissten ungarischen Touristen<\/a><\/li>\n<\/ul>\n<p>Spanische Beh\u00f6rden, die seit dem 23. Oktober eine intensive Suche nach den beiden Ungarn durchf\u00fchren, inspizieren nun ein gr\u00f6\u00dferes Gebiet im Meer mit darunter ber\u00fccksichtigten Str\u00f6mungen, sagte Tam\u00e1s Menczer auf seiner Facebook-Seite.<\/p>\n<p><span style=\"font-size: inherit; font-weight: bold; letter-spacing: -0.025em; color: #000000;\">Eine Lokalzeitung teilte am vergangenen Wochenende mit, dass zwei ungarische Geschwister, ein 18-j\u00e4hriger Mann und eine 30-j\u00e4hrige Frau, in ihrem Hotel des Ferienortes Cala d&#8217;Or im S\u00fcdosten der Insel als vermisst gemeldet worden seien.<\/span><span style=\"font-size: inherit; letter-spacing: inherit;\">.<\/span><\/p>\n<p>Der Bericht kam zwei Tage, nachdem Zeugen gesehen hatten, dass bei st\u00fcrmischem Wetter zwei Menschen von einer riesigen Welle ins Meer geschwemmt wurden.<\/p>\n<p>Am vergangenen Mittwoch gab es auf den Balearen und in Katalonien sintflutartige Regenf\u00e4lle, zwei Menschen starben und sechs wurden als vermisst registriert.<\/p>\n<h4>AKTUALISIEREN<\/h4>\n<p>Die Leiche eines ungarischen Touristen, einer von zwei Personen, die letzte Woche auf Mallorca als vermisst gemeldet wurden, sei gefunden worden, sagte ein Beamter des Au\u00dfenministeriums am Dienstag.<\/p>\n<p>Staatssekret\u00e4r Tam\u00e1s Menczer sagte, dass die Leiche eines Mannes von der \u00f6rtlichen Polizei auf Mallorca anhand pers\u00f6nlicher Unterlagen identifiziert wurde, die im Rucksack des toten Touristen gefunden wurden.<\/p>\n<\/p>\n<blockquote class=\"wp-embedded-content\" data-secret=\"eNryylPGpg\"><p><a href=\"https:\/\/dailynewshungary.com\/de\/tragisch-ein-ungarischer-junger-mann-starb-auf-den-kanarischen-inseln\/\">Tragisch: Ein ungarischer junger Mann starb auf den Kanarischen Inseln<\/a><\/p><\/blockquote>\n<p><iframe loading=\"lazy\" class=\"wp-embedded-content\" sandbox=\"allow-scripts\" security=\"restricted\" style=\"position: absolute; visibility: hidden;\" title=\"\u201cTragic: a Hungarian young man died in the Canary Islands\u201d \u2014 DailyNewsHungary\" src=\"https:\/\/dailynewshungary.com\/de\/tragisch-ein-ungarischer-junger-mann-starb-auf-den-kanarischen-inseln\/embed\/#?secret=UkvuiJZ4cJ#?secret=eNryylPGpg\" data-secret=\"eNryylPGpg\" width=\"600\" height=\"338\" frameborder=\"0\" marginwidth=\"0\" marginheight=\"0\" scrolling=\"no\"><\/iframe><\/p>\n","protected":false},"excerpt":{"rendered":"<p>Entgegen spanischen und ungarischen Presseberichten sei die Suche nach zwei ungarischen Touristen, die letzte Woche auf der Insel Mallorca verschwunden waren, ausgeweitet und nicht suspendiert worden, sagte ein Staatssekret\u00e4r des ungarischen Au\u00dfenministeriums am Dienstag. Spanische Beh\u00f6rden suchen nach vermissten ungarischen Touristen Spanische Beh\u00f6rden, die seit dem 23. Oktober eine intensive Suche nach den beiden Ungarn [&hellip;]<\/p>\n","protected":false},"author":2,"featured_media":0,"comment_status":"open","ping_status":"open","sticky":false,"template":"","format":"standard","meta":{"_acf_changed":false,"_display_image":"","footnotes":""},"categories":[1098],"tags":[1470,1236,1131,1202,1076],"class_list":["post-726593","post","type-post","status-publish","format-standard","hentry","category-gesellschaft","tag-ausenministerium-fur-ungarn","tag-polizei","tag-spanien","tag-unfall","tag-ungarn"],"blocksy_meta":[],"acf":[],"author_username":"alk","telegram_post":"","public_post_metadata":{"breaking_news":"","important":"","csempe":"","center_tile":"","disable_thumbnail":"","target_lang":"","_featured_image_style":"","telegram_post":"","_xlat_group_id":""},"public_rank_math_data":{"title":"%title% %sep% %sitename%","description":"","focus_keyword":"","canonical_url":"","robots":"","primary_category":"1098","breadcrumb_title":"","facebook_title":"","facebook_description":"","facebook_image":"","facebook_image_id":"","twitter_title":"","twitter_description":"","twitter_image":"","twitter_image_id":"","twitter_card_type":"","twitter_use_facebook":"","advanced_robots":"","pillar_content":"","seo_score":"","contentai_score":"","rich_snippet":""},"_links":{"self":[{"href":"https:\/\/dailynewshungary.com\/de\/wp-json\/wp\/v2\/posts\/726593","targetHints":{"allow":["GET"]}}],"collection":[{"href":"https:\/\/dailynewshungary.com\/de\/wp-json\/wp\/v2\/posts"}],"about":[{"href":"https:\/\/dailynewshungary.com\/de\/wp-json\/wp\/v2\/types\/post"}],"author":[{"embeddable":true,"href":"https:\/\/dailynewshungary.com\/de\/wp-json\/wp\/v2\/users\/2"}],"replies":[{"embeddable":true,"href":"https:\/\/dailynewshungary.com\/de\/wp-json\/wp\/v2\/comments?post=726593"}],"version-history":[{"count":0,"href":"https:\/\/dailynewshungary.com\/de\/wp-json\/wp\/v2\/posts\/726593\/revisions"}],"wp:attachment":[{"href":"https:\/\/dailynewshungary.com\/de\/wp-json\/wp\/v2\/media?parent=726593"}],"wp:term":[{"taxonomy":"category","embeddable":true,"href":"https:\/\/dailynewshungary.com\/de\/wp-json\/wp\/v2\/categories?post=726593"},{"taxonomy":"post_tag","embeddable":true,"href":"https:\/\/dailynewshungary.com\/de\/wp-json\/wp\/v2\/tags?post=726593"}],"curies":[{"name":"wp","href":"https:\/\/api.w.org\/{rel}","templated":true}]}}