{"id":726927,"date":"2019-10-14T10:30:07","date_gmt":"2019-10-14T08:30:07","guid":{"rendered":"https:\/\/dailynewshungary.com\/de\/kommunalwahl-sneider-jobbik-zuruck-auf-kurs\/"},"modified":"2019-10-14T10:30:07","modified_gmt":"2019-10-14T08:30:07","slug":"kommunalwahl-sneider-jobbik-zuruck-auf-kurs","status":"publish","type":"post","link":"https:\/\/dailynewshungary.com\/de\/kommunalwahl-sneider-jobbik-zuruck-auf-kurs\/","title":{"rendered":"Kommunalwahl \u2013 Sneider: Jobbik \u2018zur\u00fcck auf Kurs\u2019"},"content":{"rendered":"<p><strong>Tam\u00e1s Sneider, Vorsitzender des ungarischen oppositionellen Konservativen Jobbik, begr\u00fc\u00dfte die Leistung seiner Partei bei den Kommunalwahlen als ihr bestes Ergebnis aller Zeiten in einer lokalen Abstimmung und sagte, dass Jobbik nach einer schwierigen Zeit \u201ewieder auf Kurs\u201cwar.<\/strong><\/p>\n<p>Indem Jobbik so viele Sitze im Gemeinderat gewonnen habe wie zuvor, habe er seine Widerstandsf\u00e4higkeit unter Beweis gestellt, sagte Sneider am sp\u00e4ten Sonntag auf einer Pressekonferenz.<\/p>\n<blockquote>\n<p>Er sagte, die Kommunalwahl habe bewiesen, dass die \u201cArroganz\u201d der Regierung bek\u00e4mpft werden k\u00f6nne und dass es sich lohne, gegen den regierenden Fidesz zu stimmen.<\/p>\n<\/blockquote>\n<p>Sneider gratulierte <a href=\"https:\/\/dailynewshungary.com\/de\/kommunalwahlen-karacsony-feiert-historischen-sieg-in-budapest\/\" target=\"_blank\" rel=\"noopener noreferrer\">Gergely Kar\u00e1csony, der gemeinsame Oppositionskandidat f\u00fcr das Amt des Budapester B\u00fcrgermeisters, \u00fcber seinen Wahlsieg<\/a> und \u00e4u\u00dferte die Hoffnung, dass Budapest in Zukunft eine \u201cgr\u00fcnere und politisch friedlichere\u201d Stadt werde.<\/p>\n<p>Er gratulierte auch den B\u00fcrgermeisterkandidaten seiner Partei, die ihre jeweiligen Rennen in Eger, Duna\u00fajvaros, Szentes, J\u00e1szbereny, Encs, \u00d3zd, Tapolca und T\u00f6r\u00f6kszentmikl\u00f3s gewannen.<\/p>\n<p><a href=\"https:\/\/dailynewshungary.com\/de\/der-grose-britische-zuguberfall-wie-eine-15-kopfige-bande-1963-26-millionen-pfund-stahl\/\" target=\"_blank\" rel=\"noopener noreferrer\">Jobbik<\/a> Der stellvertretende Vorsitzende J\u00e1nos Stummer sagte<\/p>\n<blockquote>\n<p>Fidesz sei \u201c\u00fcber die H\u00f6he seiner Macht hinaus\u201d und habe \u201cbegonnen, bergab zu gehen\u201d.<\/p>\n<\/blockquote>\n","protected":false},"excerpt":{"rendered":"<p>Tam\u00e1s Sneider, Vorsitzender des ungarischen oppositionellen Konservativen Jobbik, begr\u00fc\u00dfte die Leistung seiner Partei bei den Kommunalwahlen als ihr bestes Ergebnis aller Zeiten in einer lokalen Abstimmung und sagte, dass Jobbik nach einer schwierigen Zeit \u201ewieder auf Kurs\u201cwar. Indem Jobbik so viele Sitze im Gemeinderat gewonnen habe wie zuvor, habe er seine Widerstandsf\u00e4higkeit unter Beweis gestellt, [&hellip;]<\/p>\n","protected":false},"author":2,"featured_media":726928,"comment_status":"open","ping_status":"open","sticky":false,"template":"","format":"standard","meta":{"_acf_changed":false,"_display_image":"","footnotes":""},"categories":[1081],"tags":[1632,2227,1076],"class_list":["post-726927","post","type-post","status-publish","format-standard","has-post-thumbnail","hentry","category-politik","tag-jobbik","tag-kommunalwahlen-2019","tag-ungarn"],"blocksy_meta":[],"acf":[],"author_username":"alk","telegram_post":"","public_post_metadata":{"breaking_news":"","important":"","csempe":"","center_tile":"","disable_thumbnail":"","target_lang":"","_featured_image_style":"","telegram_post":"","_xlat_group_id":""},"public_rank_math_data":{"title":"%title% %sep% %sitename%","description":"","focus_keyword":"","canonical_url":"","robots":"","primary_category":"1081","breadcrumb_title":"","facebook_title":"","facebook_description":"","facebook_image":"","facebook_image_id":"","twitter_title":"","twitter_description":"","twitter_image":"","twitter_image_id":"","twitter_card_type":"","twitter_use_facebook":"","advanced_robots":"","pillar_content":"","seo_score":"","contentai_score":"","rich_snippet":""},"_links":{"self":[{"href":"https:\/\/dailynewshungary.com\/de\/wp-json\/wp\/v2\/posts\/726927","targetHints":{"allow":["GET"]}}],"collection":[{"href":"https:\/\/dailynewshungary.com\/de\/wp-json\/wp\/v2\/posts"}],"about":[{"href":"https:\/\/dailynewshungary.com\/de\/wp-json\/wp\/v2\/types\/post"}],"author":[{"embeddable":true,"href":"https:\/\/dailynewshungary.com\/de\/wp-json\/wp\/v2\/users\/2"}],"replies":[{"embeddable":true,"href":"https:\/\/dailynewshungary.com\/de\/wp-json\/wp\/v2\/comments?post=726927"}],"version-history":[{"count":0,"href":"https:\/\/dailynewshungary.com\/de\/wp-json\/wp\/v2\/posts\/726927\/revisions"}],"wp:featuredmedia":[{"embeddable":true,"href":"https:\/\/dailynewshungary.com\/de\/wp-json\/wp\/v2\/media\/726928"}],"wp:attachment":[{"href":"https:\/\/dailynewshungary.com\/de\/wp-json\/wp\/v2\/media?parent=726927"}],"wp:term":[{"taxonomy":"category","embeddable":true,"href":"https:\/\/dailynewshungary.com\/de\/wp-json\/wp\/v2\/categories?post=726927"},{"taxonomy":"post_tag","embeddable":true,"href":"https:\/\/dailynewshungary.com\/de\/wp-json\/wp\/v2\/tags?post=726927"}],"curies":[{"name":"wp","href":"https:\/\/api.w.org\/{rel}","templated":true}]}}