{"id":727399,"date":"2019-09-24T14:53:33","date_gmt":"2019-09-24T12:53:33","guid":{"rendered":"https:\/\/dailynewshungary.com\/de\/kover-besucht-den-eurasischen-hausrednergipfel-in-kasachstan\/"},"modified":"2019-09-24T14:53:33","modified_gmt":"2019-09-24T12:53:33","slug":"kover-besucht-den-eurasischen-hausrednergipfel-in-kasachstan","status":"publish","type":"post","link":"https:\/\/dailynewshungary.com\/de\/kover-besucht-den-eurasischen-hausrednergipfel-in-kasachstan\/","title":{"rendered":"K\u00f6v\u00e9r besucht den eurasischen Hausrednergipfel in Kasachstan"},"content":{"rendered":"<p><strong>Die Ungarn seien stolz darauf, \u201cdie westlichste \u00f6stliche Nation\u201d zu sein, sagte Parlamentspr\u00e4sident L\u00e1szl\u00f3 K\u00f6v\u00e9r am Dienstag beim vierten eurasischen Gipfeltreffen der Hausredner in Nur-Sultan.<\/strong><\/p>\n<p>Ungarns Au\u00dfenpolitik legt Wert auf den Aufbau von Beziehungen zu \u00f6stlichen, asiatischen L\u00e4ndern auf der Grundlage gemeinsamer historischer und kultureller Traditionen; Aus diesem Grund k\u00fcndigte die Regierung 2011 ihre au\u00dfenpolitische Strategie der Ost\u00f6ffnung an, die zu gro\u00dfen Fortschritten in den Handels-, Wirtschafts-, Bildungs- und Kulturbeziehungen f\u00fchrte, zitierte Parlamentspressechef Zolt\u00e1n Szil\u00e1gyi <a href=\"https:\/\/dailynewshungary.com\/de\/der-grose-britische-zuguberfall-wie-eine-15-kopfige-bande-1963-26-millionen-pfund-stahl\/\" target=\"_blank\" rel=\"noopener noreferrer\">Hauslautsprecher<\/a> wie gesagt.<\/p>\n<p>K\u00f6v\u00e9r sagte das<\/p>\n<blockquote>\n<p>Sowohl Europa als auch Asien k\u00f6nnten zu einem wichtigen Machtzentrum in der entstehenden multipolaren Weltordnung werden.<\/p>\n<\/blockquote>\n<p>Es bleibe jedoch abzuwarten, ob Europa aus politischer, wirtschaftlicher und milit\u00e4rischer Sicht eine Pufferzone oder eine Verbindung zwischen dem euroatlantischen und dem eurasischen Raum sein werde, sagte er.<\/p>\n<blockquote>\n<p><a href=\"https:\/\/dailynewshungary.com\/de\/der-grose-britische-zuguberfall-wie-eine-15-kopfige-bande-1963-26-millionen-pfund-stahl\/\" target=\"_blank\" rel=\"noopener noreferrer\">Ungarn<\/a> zielt darauf ab, eine enge Zusammenarbeit mit allen wichtigen Wirtschaftsakteuren der Welt zu entwickeln, und unterst\u00fctzt die Bem\u00fchungen zur Entwicklung einer einzigen eurasischen Wirtschafts- und Freihandelszone<\/p>\n<\/blockquote>\n<p>K\u00f6v\u00e9r sagte.<\/p>\n<p>Bei einem Treffen mit Nurlan Nigmatulin, dem Vorsitzenden der Mazhilis (Unterhaus) des kasachischen Parlaments, nannte K\u00f6v\u00e9r Kasachstan Ungarns strategischen Partner in Zentralasien, einer, der als Br\u00fccke zwischen Europa und Asien fungiert.<\/p>\n<blockquote>\n<p>K\u00f6v\u00e9r traf auch Wjatscheslaw Wolodin, den Vorsitzenden der russischen Staatsduma.<\/p>\n<\/blockquote>\n<p>Die beiden Redner des Repr\u00e4sentantenhauses lobten die dynamische Entwicklung der Beziehungen zwischen den beiden L\u00e4ndern und zwei Parlamenten und einigten sich auf die Einrichtung eines interparlamentarischen Ausschusses zur F\u00f6rderung der Wirtschafts-, Handels-, Bildungs-, Kultur- und Tourismusbeziehungen.<\/p>\n<p>K\u00f6v\u00e9r legte einen Kranz auf dem Denkmal der ungarischen politischen Gefangenen nieder, die w\u00e4hrend der kommunistischen diktatorischen Herrschaft Stalins nach Kasachstan deportiert wurden.<\/p>\n<\/p>\n<blockquote class=\"wp-embedded-content\" data-secret=\"5O639AeXE2\"><p><a href=\"https:\/\/dailynewshungary.com\/de\/ungarn-wolle-die-beziehungen-zu-den-ostlichen-landern-starken-sagt-orban-in-kasachstan-update\/\">Ungarn wolle die Beziehungen zu den \u00f6stlichen L\u00e4ndern st\u00e4rken, sagt Orb\u00e1n in Kasachstan \u2013 UPDATE<\/a><\/p><\/blockquote>\n<p><iframe loading=\"lazy\" class=\"wp-embedded-content\" sandbox=\"allow-scripts\" security=\"restricted\" style=\"position: absolute; visibility: hidden;\" title=\"\u201cHungary wants to bolster ties with Eastern countries, says Orb\u00e1n in Kazakhstan \u2013 UPDATE\u201d \u2014 DailyNewsHungary\" src=\"https:\/\/dailynewshungary.com\/de\/ungarn-wolle-die-beziehungen-zu-den-ostlichen-landern-starken-sagt-orban-in-kasachstan-update\/embed\/#?secret=O5PeK2BwRF#?secret=5O639AeXE2\" data-secret=\"5O639AeXE2\" width=\"600\" height=\"338\" frameborder=\"0\" marginwidth=\"0\" marginheight=\"0\" scrolling=\"no\"><\/iframe><\/p>\n","protected":false},"excerpt":{"rendered":"<p>Die Ungarn seien stolz darauf, \u201cdie westlichste \u00f6stliche Nation\u201d zu sein, sagte Parlamentspr\u00e4sident L\u00e1szl\u00f3 K\u00f6v\u00e9r am Dienstag beim vierten eurasischen Gipfeltreffen der Hausredner in Nur-Sultan. Ungarns Au\u00dfenpolitik legt Wert auf den Aufbau von Beziehungen zu \u00f6stlichen, asiatischen L\u00e4ndern auf der Grundlage gemeinsamer historischer und kultureller Traditionen; Aus diesem Grund k\u00fcndigte die Regierung 2011 ihre au\u00dfenpolitische [&hellip;]<\/p>\n","protected":false},"author":2,"featured_media":727400,"comment_status":"open","ping_status":"open","sticky":false,"template":"","format":"standard","meta":{"_acf_changed":false,"_display_image":"","footnotes":""},"categories":[1081],"tags":[1309,1746,1076],"class_list":["post-727399","post","type-post","status-publish","format-standard","has-post-thumbnail","hentry","category-politik","tag-asia","tag-hausredner","tag-ungarn"],"blocksy_meta":[],"acf":[],"author_username":"alk","telegram_post":"","public_post_metadata":{"breaking_news":"","important":"","csempe":"","center_tile":"","disable_thumbnail":"","target_lang":"","_featured_image_style":"","telegram_post":"","_xlat_group_id":""},"public_rank_math_data":{"title":"%title% %sep% %sitename%","description":"","focus_keyword":"","canonical_url":"","robots":"","primary_category":"1081","breadcrumb_title":"","facebook_title":"","facebook_description":"","facebook_image":"","facebook_image_id":"","twitter_title":"","twitter_description":"","twitter_image":"","twitter_image_id":"","twitter_card_type":"","twitter_use_facebook":"","advanced_robots":"","pillar_content":"","seo_score":"","contentai_score":"","rich_snippet":""},"_links":{"self":[{"href":"https:\/\/dailynewshungary.com\/de\/wp-json\/wp\/v2\/posts\/727399","targetHints":{"allow":["GET"]}}],"collection":[{"href":"https:\/\/dailynewshungary.com\/de\/wp-json\/wp\/v2\/posts"}],"about":[{"href":"https:\/\/dailynewshungary.com\/de\/wp-json\/wp\/v2\/types\/post"}],"author":[{"embeddable":true,"href":"https:\/\/dailynewshungary.com\/de\/wp-json\/wp\/v2\/users\/2"}],"replies":[{"embeddable":true,"href":"https:\/\/dailynewshungary.com\/de\/wp-json\/wp\/v2\/comments?post=727399"}],"version-history":[{"count":0,"href":"https:\/\/dailynewshungary.com\/de\/wp-json\/wp\/v2\/posts\/727399\/revisions"}],"wp:featuredmedia":[{"embeddable":true,"href":"https:\/\/dailynewshungary.com\/de\/wp-json\/wp\/v2\/media\/727400"}],"wp:attachment":[{"href":"https:\/\/dailynewshungary.com\/de\/wp-json\/wp\/v2\/media?parent=727399"}],"wp:term":[{"taxonomy":"category","embeddable":true,"href":"https:\/\/dailynewshungary.com\/de\/wp-json\/wp\/v2\/categories?post=727399"},{"taxonomy":"post_tag","embeddable":true,"href":"https:\/\/dailynewshungary.com\/de\/wp-json\/wp\/v2\/tags?post=727399"}],"curies":[{"name":"wp","href":"https:\/\/api.w.org\/{rel}","templated":true}]}}