{"id":728059,"date":"2019-08-25T21:00:40","date_gmt":"2019-08-25T19:00:40","guid":{"rendered":"https:\/\/dailynewshungary.com\/de\/kommunalwahlen-budapester-burgermeister-oppositionskampagne-zur-destabilisierung\/"},"modified":"2019-08-25T21:00:40","modified_gmt":"2019-08-25T19:00:40","slug":"kommunalwahlen-budapester-burgermeister-oppositionskampagne-zur-destabilisierung","status":"publish","type":"post","link":"https:\/\/dailynewshungary.com\/de\/kommunalwahlen-budapester-burgermeister-oppositionskampagne-zur-destabilisierung\/","title":{"rendered":"Kommunalwahlen \u2013 Budapester B\u00fcrgermeister: Oppositionskampagne zur Destabilisierung"},"content":{"rendered":"<p><strong>Der Budapester B\u00fcrgermeister Istv\u00e1n Tarl\u00f3s brandmarkte am Sonntag in einem \u00f6ffentlichen Radiointerview den B\u00fcrgermeisterwahlkampf der Opposition in der Hauptstadt als \u201eDestabilisierungsversuch\u201cund argumentierte, dass es \u201enicht einmal um die Stadt selbst\u201d gehe.<\/strong><\/p>\n<p>Auf die Frage, welche Art von Kampagne er in Budapest erwarte, sagte Tarl\u00f3s gegen\u00fcber Kossuth Radio <a href=\"https:\/\/dailynewshungary.com\/de\/kommunalwahl-beamter-fidesz-bietet-fortschritte-gegen-die-unruhe-der-opposition\/\">Der Wahlkampf der Opposition \u201eist eher ein Destabilisierungsversuch ohne Abwechslung, der auf Rache ausgerichtet ist\u201c<\/a> Das wurde nur zusammengeworfen und macht im Hinblick auf die Verwaltung der Hauptstadt \u00fcberhaupt keinen Sinn\u201d.<\/p>\n<blockquote>\n<p>Der amtierende B\u00fcrgermeister sagte <a href=\"https:\/\/dailynewshungary.com\/de\/kommunalwahlen-der-wahlkampf-beginnt-offiziell\/\">Die Botschaften der Opposition konzentrierten sich nicht einmal auf Budapest<\/a>\u201e(und f\u00fcgt hinzu, dass die von ihnen vorgelegten Vorschl\u00e4ge \u201eeher unglaublich\u201d seien.<\/p>\n<\/blockquote>\n<p>Tarl\u00f3s argumentierte, dass viele ihrer Vorschl\u00e4ge rechtlich nicht durchf\u00fchrbar seien und dass die Oppositionskandidaten, die f\u00fcr die Verwaltung einer Gemeinde zust\u00e4ndig seien, bereits vor 2010 ihre Chance gehabt h\u00e4tten und gescheitert seien.<\/p>\n<p>Er kritisierte die Stadtf\u00fchrung unter dem ehemaligen liberalen Budapester B\u00fcrgermeister G\u00e1bor Demszky und sagte, \u201esie waren es, die die un\u00fcberschaubaren Betriebsdefizite hinter sich lie\u00dfen, und unter ihrer Amtszeit wurde die internationale Wahrnehmung Budapests gesch\u00e4digt.\u201c\u201d<\/p>\n<p>Die Oppositionspolitiker, die vor 2010 an der Macht gewesen seien, h\u00e4tten Budapest auf einer Pressekonferenz k\u00fcrzlich \u201ceinen echten gr\u00fcnen Regenwald versprochen\u201d, sagte er.<\/p>\n<blockquote>\n<p>\u201cWie kommt es, dass ihnen das vor 2010 nie in den Sinn kam?\u201d, fragte Tarl\u00f3s \u201cWie kommt es, dass sie nur ein paar hundert B\u00e4ume pro Jahr gepflanzt haben, w\u00e4hrend wir durchschnittlich 2.000 pro Jahr pflanzen?\u201d<\/p>\n<\/blockquote>\n<p>Er sagte, die Budapester F\u00fchrung habe sich vor 2010 nicht um historische Parks wie den auf der Margareteninsel gek\u00fcmmert und kaum etwas f\u00fcr die Modernisierung \u00f6ffentlicher Parks ausgegeben, f\u00fcr die die derzeitige F\u00fchrung zwischen 2015 und 2019 5,5 Milliarden Forint (16,6 Mio. EUR) ausgegeben habe.<\/p>\n<p>Er merkte an, dass bereits 2010 das Budapester Verkehrsunternehmen BKV 24 Jahre alte Busse und 30-40 Jahre alte Stra\u00dfenbahnen betrieben habeTarl\u00f3s gab an, dass die Budapester Verkehrsbeh\u00f6rde BKK unter seiner B\u00fcrgermeisterschaft das Verbundprojekt des Stra\u00dfenbahnnetzes in Buda abgeschlossen habeEr verwies auch auf die Renovierung des Szell-K\u00e1lmenberg-Platzes und die Einf\u00fchrung einer selektiven Abfallwirtschaft als Teil seiner Akte.<\/p>\n<blockquote>\n<p>Seit 2010 habe der Gemeinderat die Verwaltung der Stadt, einschlie\u00dflich des BKV, stabilisiert, sagte er.<\/p>\n<\/blockquote>\n<p>Budapest brauche keinen Betriebskredit mehr und habe nur noch eine \u201cgut gef\u00fchrte Entwicklungskreditlinie\u201d, f\u00fcgte er hinzuZ\u00fcge der dritten Metro-Linie seien k\u00fcrzlich renoviert worden und auf ihnen werde demn\u00e4chst eine Klimaanlage installiert, sagte der B\u00fcrgermeister.<\/p>\n<p>Entwicklungsprojekte im Wert von rund 700 Milliarden Forint seien vom Gemeinderat genehmigt worden, sagte Tarl\u00f3s. Dazu geh\u00f6ren die \u00dcberarbeitung der legend\u00e4ren Kettenbr\u00fccke, der Austausch weiterer BKV-Fahrzeuge, die Renovierung des Blaha-Lujza-Platzes und des Sz\u00e9na-Platzes, der Ausbau des europ\u00e4ischen Radwegenetzes Eurovelo sowie die Modernisierung der Stra\u00dfe zum internationalen Flughafen Liszt Ferenc. Er sagte, das E-Ticket-System Budapests, das mit dem nationalen System gekoppelt werden soll, befinde sich derzeit in der Einf\u00fchrungsphase.<\/p>\n<blockquote>\n<p>Mit den verschiedenen Entwicklungen im Zeitplan, so Tarl\u00f3s, \u201ck\u00f6nnen wir uns in Zukunft auf den Umweltschutz und das Problem der Obdachlosigkeit konzentrieren\u201d.<\/p>\n<\/blockquote>\n<p>In den letzten neun Jahren sei das Prestige Budapests in den Augen der internationalen Gemeinschaft gestiegen, sagte Tarl\u00f3s und f\u00fcgte hinzu, dass Budapest erst in diesem Jahr mit dem Titel \u201eBestes Reiseziel Europas&#8217; ausgezeichnet wurde.<\/p>\n","protected":false},"excerpt":{"rendered":"<p>Der Budapester B\u00fcrgermeister Istv\u00e1n Tarl\u00f3s brandmarkte am Sonntag in einem \u00f6ffentlichen Radiointerview den B\u00fcrgermeisterwahlkampf der Opposition in der Hauptstadt als \u201eDestabilisierungsversuch\u201cund argumentierte, dass es \u201enicht einmal um die Stadt selbst\u201d gehe. Auf die Frage, welche Art von Kampagne er in Budapest erwarte, sagte Tarl\u00f3s gegen\u00fcber Kossuth Radio Der Wahlkampf der Opposition \u201eist eher ein Destabilisierungsversuch [&hellip;]<\/p>\n","protected":false},"author":33,"featured_media":728060,"comment_status":"open","ping_status":"open","sticky":false,"template":"","format":"standard","meta":{"_acf_changed":false,"_display_image":"","footnotes":""},"categories":[1081],"tags":[1111,2227,1076,3695],"class_list":["post-728059","post","type-post","status-publish","format-standard","has-post-thumbnail","hentry","category-politik","tag-budapest","tag-kommunalwahlen-2019","tag-ungarn","tag-wahl-2018"],"blocksy_meta":[],"acf":[],"author_username":"ugyelet","telegram_post":"","public_post_metadata":{"breaking_news":"","important":"","csempe":"","center_tile":"","disable_thumbnail":"","target_lang":"","_featured_image_style":"","telegram_post":"","_xlat_group_id":""},"public_rank_math_data":{"title":"%title% %sep% %sitename%","description":"","focus_keyword":"","canonical_url":"","robots":"","primary_category":"1081","breadcrumb_title":"","facebook_title":"","facebook_description":"","facebook_image":"","facebook_image_id":"","twitter_title":"","twitter_description":"","twitter_image":"","twitter_image_id":"","twitter_card_type":"","twitter_use_facebook":"","advanced_robots":"","pillar_content":"","seo_score":"","contentai_score":"","rich_snippet":""},"_links":{"self":[{"href":"https:\/\/dailynewshungary.com\/de\/wp-json\/wp\/v2\/posts\/728059","targetHints":{"allow":["GET"]}}],"collection":[{"href":"https:\/\/dailynewshungary.com\/de\/wp-json\/wp\/v2\/posts"}],"about":[{"href":"https:\/\/dailynewshungary.com\/de\/wp-json\/wp\/v2\/types\/post"}],"author":[{"embeddable":true,"href":"https:\/\/dailynewshungary.com\/de\/wp-json\/wp\/v2\/users\/33"}],"replies":[{"embeddable":true,"href":"https:\/\/dailynewshungary.com\/de\/wp-json\/wp\/v2\/comments?post=728059"}],"version-history":[{"count":0,"href":"https:\/\/dailynewshungary.com\/de\/wp-json\/wp\/v2\/posts\/728059\/revisions"}],"wp:featuredmedia":[{"embeddable":true,"href":"https:\/\/dailynewshungary.com\/de\/wp-json\/wp\/v2\/media\/728060"}],"wp:attachment":[{"href":"https:\/\/dailynewshungary.com\/de\/wp-json\/wp\/v2\/media?parent=728059"}],"wp:term":[{"taxonomy":"category","embeddable":true,"href":"https:\/\/dailynewshungary.com\/de\/wp-json\/wp\/v2\/categories?post=728059"},{"taxonomy":"post_tag","embeddable":true,"href":"https:\/\/dailynewshungary.com\/de\/wp-json\/wp\/v2\/tags?post=728059"}],"curies":[{"name":"wp","href":"https:\/\/api.w.org\/{rel}","templated":true}]}}