{"id":728114,"date":"2019-08-22T21:30:44","date_gmt":"2019-08-22T19:30:44","guid":{"rendered":"https:\/\/dailynewshungary.com\/de\/ungarische-tribute-band-tritt-beim-grosten-beatles-festival-der-welt-auf\/"},"modified":"2019-08-22T21:30:44","modified_gmt":"2019-08-22T19:30:44","slug":"ungarische-tribute-band-tritt-beim-grosten-beatles-festival-der-welt-auf","status":"publish","type":"post","link":"https:\/\/dailynewshungary.com\/de\/ungarische-tribute-band-tritt-beim-grosten-beatles-festival-der-welt-auf\/","title":{"rendered":"Ungarische Tribute-Band tritt beim gr\u00f6\u00dften Beatles-Festival der Welt auf"},"content":{"rendered":"<p><strong>Die ungarische Beatles-Tribute-Band The Bits tritt auf der diesj\u00e4hrigen International Beatle Week, dem gr\u00f6\u00dften Beatles-Festival der Welt, in Liverpool auf.<\/strong><\/p>\n<p>Eingeladen wurden die Bits vom ber\u00fchmten Cavern Club, dem Veranstaltungsort in Liverpool, wo sich die Fab Four einen Namen machtenDie Tribute-Band wird w\u00e4hrend des Festivals zwischen dem 23. und 26. August neun Konzerte an verschiedenen Veranstaltungsorten geben, darunter im Cavern Club, sagte Bandleader Zsolt Derecskei am Donnerstag gegen\u00fcber MTI.<\/p>\n<blockquote>\n<p>\u201cWir spielen Lieder von <a href=\"https:\/\/dailynewshungary.com\/de\/budapest-ist-gastgeber-des-beatles-festivals\/\">Der gesamte Beatles-Katalog<\/a> In der urspr\u00fcnglichen Viererbesetzung sagte\u201d Derecskei in einer Erkl\u00e4rung \u201cSelbst Songs, die die Beatles nie bei ihren Konzerten aufgef\u00fchrt haben\u201d<\/p>\n<\/blockquote>\n<p>Was in den 1980 er Jahren als Zusammenkunft von Freunden begann, zieht heute die Internationale Beatle-Woche an <a href=\"https:\/\/dailynewshungary.com\/de\/hey-jude-komm-und-besuche-das-beatles-museum-in-ungarn\/\">Tausende Touristen und Beatles-Fans.<\/a> Das einw\u00f6chige Festival wird jedes Jahr Ende August organisiert und bietet Konzerte von rund 80 Bands aus aller Welt.<\/p>\n<p>Fans werden auf Facebook mit der Liverpool-Tour der Bits mithalten k\u00f6nnen.<\/p>\n","protected":false},"excerpt":{"rendered":"<p>Die ungarische Beatles-Tribute-Band The Bits tritt auf der diesj\u00e4hrigen International Beatle Week, dem gr\u00f6\u00dften Beatles-Festival der Welt, in Liverpool auf. Eingeladen wurden die Bits vom ber\u00fchmten Cavern Club, dem Veranstaltungsort in Liverpool, wo sich die Fab Four einen Namen machtenDie Tribute-Band wird w\u00e4hrend des Festivals zwischen dem 23. und 26. August neun Konzerte an verschiedenen [&hellip;]<\/p>\n","protected":false},"author":33,"featured_media":728115,"comment_status":"open","ping_status":"open","sticky":false,"template":"","format":"standard","meta":{"_acf_changed":false,"_display_image":"","footnotes":""},"categories":[1151],"tags":[1483,1144,1125,1263,1361,1076],"class_list":["post-728114","post","type-post","status-publish","format-standard","has-post-thumbnail","hentry","category-kulturen","tag-ereignis","tag-gedenken","tag-geschichte","tag-musik","tag-uk","tag-ungarn"],"blocksy_meta":[],"acf":[],"author_username":"ugyelet","telegram_post":"","public_post_metadata":{"breaking_news":"","important":"","csempe":"","center_tile":"","disable_thumbnail":"","target_lang":"","_featured_image_style":"","telegram_post":"","_xlat_group_id":""},"public_rank_math_data":{"title":"%title% %sep% %sitename%","description":"","focus_keyword":"","canonical_url":"","robots":"","primary_category":"1151","breadcrumb_title":"","facebook_title":"","facebook_description":"","facebook_image":"","facebook_image_id":"","twitter_title":"","twitter_description":"","twitter_image":"","twitter_image_id":"","twitter_card_type":"","twitter_use_facebook":"","advanced_robots":"","pillar_content":"","seo_score":"","contentai_score":"","rich_snippet":""},"_links":{"self":[{"href":"https:\/\/dailynewshungary.com\/de\/wp-json\/wp\/v2\/posts\/728114","targetHints":{"allow":["GET"]}}],"collection":[{"href":"https:\/\/dailynewshungary.com\/de\/wp-json\/wp\/v2\/posts"}],"about":[{"href":"https:\/\/dailynewshungary.com\/de\/wp-json\/wp\/v2\/types\/post"}],"author":[{"embeddable":true,"href":"https:\/\/dailynewshungary.com\/de\/wp-json\/wp\/v2\/users\/33"}],"replies":[{"embeddable":true,"href":"https:\/\/dailynewshungary.com\/de\/wp-json\/wp\/v2\/comments?post=728114"}],"version-history":[{"count":0,"href":"https:\/\/dailynewshungary.com\/de\/wp-json\/wp\/v2\/posts\/728114\/revisions"}],"wp:featuredmedia":[{"embeddable":true,"href":"https:\/\/dailynewshungary.com\/de\/wp-json\/wp\/v2\/media\/728115"}],"wp:attachment":[{"href":"https:\/\/dailynewshungary.com\/de\/wp-json\/wp\/v2\/media?parent=728114"}],"wp:term":[{"taxonomy":"category","embeddable":true,"href":"https:\/\/dailynewshungary.com\/de\/wp-json\/wp\/v2\/categories?post=728114"},{"taxonomy":"post_tag","embeddable":true,"href":"https:\/\/dailynewshungary.com\/de\/wp-json\/wp\/v2\/tags?post=728114"}],"curies":[{"name":"wp","href":"https:\/\/api.w.org\/{rel}","templated":true}]}}