{"id":728706,"date":"2019-07-25T17:05:33","date_gmt":"2019-07-25T15:05:33","guid":{"rendered":"https:\/\/dailynewshungary.com\/de\/ec-verklagt-ungarn-wegen-stop-soros-gesetz\/"},"modified":"2019-07-25T17:05:33","modified_gmt":"2019-07-25T15:05:33","slug":"ec-verklagt-ungarn-wegen-stop-soros-gesetz","status":"publish","type":"post","link":"https:\/\/dailynewshungary.com\/de\/ec-verklagt-ungarn-wegen-stop-soros-gesetz\/","title":{"rendered":"EC verklagt Ungarn wegen \u2018Stop Soros\u2019 Gesetz"},"content":{"rendered":"<p><strong>Die Europ\u00e4ische Kommission hat beschlossen, Ungarn wegen seines Gesetzespakets \u201cStop Soros\u201d vor dem Gerichtshof der Europ\u00e4ischen Union zu verklagen und damit die dritte Phase des laufenden Vertragsverletzungsverfahrens im Zusammenhang mit diesen Rechtsvorschriften einzuleiten.<\/strong><\/p>\n<p>Nachdem ich das in Erw\u00e4gung gezogen habe<a href=\"https:\/\/dailynewshungary.com\/de\/die-ungarische-opposition-beschwert-sich-uber-den-einsatz-der-kampagne-von-stop-soros-zur-einflussnahme-auf-die-wahl\/\"> Die ungarische Regierung hatte nicht genug getan, um auf ihre Bedenken einzugehen<\/a>, beschloss die EG, den Fall vor das in Luxemburg ans\u00e4ssige Gericht zu bringen.<\/p>\n<blockquote>\n<p>Das Vertragsverletzungsverfahren wurde im Juli 2018 eingeleitet.<\/p>\n<\/blockquote>\n<p>In einer Erkl\u00e4rung erkl\u00e4rte die EG, das neue Gesetz und eine damit verbundene Verfassungs\u00e4nderung seien nicht mit dem EU-Recht vereinbar. Die Kriminalisierung von Aktivit\u00e4ten zur Unterst\u00fctzung von Asyl- und Aufenthaltsantr\u00e4gen schr\u00e4nkt das Recht ein, Asyl zu beantragen, f\u00fcgte sie hinzu.<\/p>\n<p>\u201eDie ungarische Gesetzgebung schr\u00e4nkt das Recht von Asylbewerbern ein, mit relevanten nationalen, internationalen und Nichtregierungsorganisationen zu kommunizieren und sich von ihnen unterst\u00fctzen zu lassen, indem sie die Unterst\u00fctzung von Asylantr\u00e4gen unter Strafe stellt.\u201csagte die EG.<\/p>\n<blockquote>\n<p>Die EG argumentierte, dass das Gesetz das Recht der EU-B\u00fcrger auf Freiz\u00fcgigkeit \u00fcberm\u00e4\u00dfig einschr\u00e4nkt und die Rechte der Betroffenen sowie die ihnen nach EU-Recht gew\u00e4hrten Garantien nicht ber\u00fccksichtigt.<\/p>\n<\/blockquote>\n<p>Die EG hat ferner beschlossen, Ungarn ein Aufforderungsschreiben betreffend die R\u00fccknahme der Lebensmittelbestimmungen f\u00fcr Personen zu \u00fcbermitteln, die in ungarischen Transitzonen an der Grenze zu Serbien inhaftiert sind und auf ihre Ausweisung warten Die EG stellte fest, dass die Haftbedingungen in den ungarischen Transitzonen nicht den materiellen Bedingungen entsprechen, die in der R\u00fcckf\u00fchrungsrichtlinie und der Charta der Grundrechte der Europ\u00e4ischen Union festgelegt sind.<\/p>\n<p>\u201cIn Anbetracht der Dringlichkeit der Lage wird die Frist f\u00fcr Ungarn, auf die Bedenken der Kommission zu reagieren, auf 1 Monat festgesetzt, wonach die Kommission beschlie\u00dfen kann, Folgema\u00dfnahmen durch \u00dcbermittlung einer mit Gr\u00fcnden versehenen Stellungnahme zu ergreifen\u201d, hei\u00dft es in der Erkl\u00e4rung.<\/p>\n<p>Eine weitere Entscheidung der EG betrifft die Anrufung Ungarns beim Gerichtshof der EU, weil es Nicht-EU-B\u00fcrger mit langfristigem Aufenthaltsstatus von der Aus\u00fcbung ihrer T\u00e4tigkeit als Tierarzt ausgeschlossen hat.<\/p>\n<p>Zur Entscheidung der EG \u00e4u\u00dferte sich der Regierungssprecher <a href=\"https:\/\/dailynewshungary.com\/de\/ungarn-teilt-der-europaischen-kommission-mit-dass-es-die-gesetze-von-stop-soros-nicht-zuruckziehen-wird\/\">Ungarn w\u00fcrde weiterhin zu seinen \u201cStop Soros\u201d &#8211; Gesetzen stehen<\/a> und die Verfassungs\u00e4nderung, die die obligatorische Ansiedlung von Migranten durch nichtungarische Beh\u00f6rden im Land verbietet.<\/p>\n<blockquote>\n<p>Die ungarische Regierung sei bereit f\u00fcr das Verfahren, sagte Istv\u00e1n Hollik.<\/p>\n<\/blockquote>\n<p>Die angefochtenen Ma\u00dfnahmen dienen dem Schutz des ungarischen Volkes, sagte HollikDie Ungarn haben bei Volksabstimmungen sowie bei den Parlaments &#8211; und EP-Wahlen sehr deutlich gemacht, dass sie nichts mit Migration zu tun haben wollen und die christliche Kultur Europas sch\u00fctzen wollen, sagte er.<\/p>\n<blockquote>\n<p>Die Verfassungs\u00e4nderung, die die Ansiedlung von Migranten in Ungarn verbietet, und die \u201eStop Soros\u201c-Gesetze, die die Organisation und F\u00f6rderung illegaler Migration unter Strafe stellen, dienen genau diesem Zweck, sagte er.<\/p>\n<\/blockquote>\n<p>Die Regierung sei davon \u00fcberzeugt, dass diese Ma\u00dfnahmen den Willen des ungarischen Volkes widerspiegeln und im Einklang mit der Genfer Konvention, dem Schengener Abkommen und der Dublin-Verordnung st\u00fcnden, sagte Hollik.<\/p>\n<p><span id=\"ctl00_ContentPlaceHolder1_ctrlNewsControl_lbBody\">Das Kommunikationszentrum der Regierung erkl\u00e4rte in einer Erkl\u00e4rung, die scheidende Europ\u00e4ische Kommission arbeite \u201cnoch daran, die schmutzige Arbeit der migrationsfreundlichen Kr\u00e4fte zu erledigen\u201d Die Verfahren der Kommission zielen der Erkl\u00e4rung zufolge darauf ab, \u201cUngarn unter Druck zu setzen, seine strengeren Einwanderungsregeln fallen zu lassen und Transitzonen zu beseitigen, die f\u00fcr den Grenzschutz von entscheidender Bedeutung sind\u201d. <\/p>\n<p>In seiner Stellungnahme lehnte das Zentrum \u201eL\u00fcgen\u201czu den Dienstleistungen f\u00fcr Asylsuchende ab und bestand darauf, dass die Menschen in den Transitzonen \u201eim Einklang mit den Vorschriften\u201d betreut werden und diese Dienstleistungen bis zum Abschluss ihres Asylverfahrens erhalten.<\/span><\/p>\n","protected":false},"excerpt":{"rendered":"<p>Die Europ\u00e4ische Kommission hat beschlossen, Ungarn wegen seines Gesetzespakets \u201cStop Soros\u201d vor dem Gerichtshof der Europ\u00e4ischen Union zu verklagen und damit die dritte Phase des laufenden Vertragsverletzungsverfahrens im Zusammenhang mit diesen Rechtsvorschriften einzuleiten. Nachdem ich das in Erw\u00e4gung gezogen habe Die ungarische Regierung hatte nicht genug getan, um auf ihre Bedenken einzugehen, beschloss die EG, [&hellip;]<\/p>\n","protected":false},"author":33,"featured_media":728707,"comment_status":"open","ping_status":"open","sticky":false,"template":"","format":"standard","meta":{"_acf_changed":false,"_display_image":"","footnotes":""},"categories":[1081],"tags":[1426,1326,1445,1423,1702,1076],"class_list":["post-728706","post","type-post","status-publish","format-standard","has-post-thumbnail","hentry","category-politik","tag-europaische-kommission","tag-gericht","tag-migration","tag-recht","tag-soros","tag-ungarn"],"blocksy_meta":[],"acf":[],"author_username":"ugyelet","telegram_post":"","public_post_metadata":{"breaking_news":"","important":"","csempe":"","center_tile":"","disable_thumbnail":"","target_lang":"","_featured_image_style":"","telegram_post":"","_xlat_group_id":""},"public_rank_math_data":{"title":"%title% %sep% %sitename%","description":"","focus_keyword":"","canonical_url":"","robots":"","primary_category":"1081","breadcrumb_title":"","facebook_title":"","facebook_description":"","facebook_image":"","facebook_image_id":"","twitter_title":"","twitter_description":"","twitter_image":"","twitter_image_id":"","twitter_card_type":"","twitter_use_facebook":"","advanced_robots":"","pillar_content":"","seo_score":"","contentai_score":"","rich_snippet":""},"_links":{"self":[{"href":"https:\/\/dailynewshungary.com\/de\/wp-json\/wp\/v2\/posts\/728706","targetHints":{"allow":["GET"]}}],"collection":[{"href":"https:\/\/dailynewshungary.com\/de\/wp-json\/wp\/v2\/posts"}],"about":[{"href":"https:\/\/dailynewshungary.com\/de\/wp-json\/wp\/v2\/types\/post"}],"author":[{"embeddable":true,"href":"https:\/\/dailynewshungary.com\/de\/wp-json\/wp\/v2\/users\/33"}],"replies":[{"embeddable":true,"href":"https:\/\/dailynewshungary.com\/de\/wp-json\/wp\/v2\/comments?post=728706"}],"version-history":[{"count":0,"href":"https:\/\/dailynewshungary.com\/de\/wp-json\/wp\/v2\/posts\/728706\/revisions"}],"wp:featuredmedia":[{"embeddable":true,"href":"https:\/\/dailynewshungary.com\/de\/wp-json\/wp\/v2\/media\/728707"}],"wp:attachment":[{"href":"https:\/\/dailynewshungary.com\/de\/wp-json\/wp\/v2\/media?parent=728706"}],"wp:term":[{"taxonomy":"category","embeddable":true,"href":"https:\/\/dailynewshungary.com\/de\/wp-json\/wp\/v2\/categories?post=728706"},{"taxonomy":"post_tag","embeddable":true,"href":"https:\/\/dailynewshungary.com\/de\/wp-json\/wp\/v2\/tags?post=728706"}],"curies":[{"name":"wp","href":"https:\/\/api.w.org\/{rel}","templated":true}]}}