{"id":728775,"date":"2019-07-23T07:20:33","date_gmt":"2019-07-23T05:20:33","guid":{"rendered":"https:\/\/dailynewshungary.com\/de\/berufungsgericht-ungarisch-serbischer-in-prag-verhaftet-gesteht-mord\/"},"modified":"2019-07-23T07:20:33","modified_gmt":"2019-07-23T05:20:33","slug":"berufungsgericht-ungarisch-serbischer-in-prag-verhaftet-gesteht-mord","status":"publish","type":"post","link":"https:\/\/dailynewshungary.com\/de\/berufungsgericht-ungarisch-serbischer-in-prag-verhaftet-gesteht-mord\/","title":{"rendered":"Berufungsgericht: Ungarisch-Serbischer in Prag verhaftet, gesteht Mord"},"content":{"rendered":"<p><strong>Ein in Prag wegen mehrerer Anklagen festgenommener ungarisch-serbischer Staatsb\u00fcrger habe eine der gegen ihn erhobenen Mordanklagen zugegeben, teilte das Budapester Berufungsgericht am Montag mit.<\/strong><\/p>\n<p>Der Mann wurde am 1. M\u00e4rz in Prag festgenommen und am 18. Juli den ungarischen Beh\u00f6rden \u00fcbergeben. <a href=\"https:\/\/dailynewshungary.com\/de\/der-grose-britische-zuguberfall-wie-eine-15-kopfige-bande-1963-26-millionen-pfund-stahl\/\">Die Polizei<\/a> Sie h\u00e4tten den als Csaba D. identifizierten Mann verd\u00e4chtigt, an zwei Morden beteiligt gewesen zu sein, einem in Amsterdam am 30. Juli 2018 und einem in Budapest am 19. September desselben Jahres. Au\u00dferdem stehe er im Verdacht, Betrug und andere Straftaten begangen zu haben, teilte die Polizei mit.<\/p>\n<blockquote>\n<p>Csaba D. wird angeklagt, versucht zu haben, S\u00fc\u00dfstoff, unter dem falschen Vorwand, es handele sich um Kokain, an einen ungarischen \u201cUnternehmer\u201d in Budapest zu verkaufen, als der Kaufinteressent versuchte, das Produkt zu inspizieren, erschoss Csaba D. ihn, hei\u00dft es in Berichten.<\/p>\n<\/blockquote>\n<p>Das Gericht sagte, Csaba D. habe am Samstag zugegeben <a href=\"https:\/\/dailynewshungary.com\/de\/nach-21-jahren-polizei-schliest-ermittlungen-wegen-feny-mordes-ab-verdachtigt-gyarfas-der-verlockung\/\">Der Budapester Mord<\/a>. Sein Anwalt besteht darauf, dass sein Mandant zur Selbstverteidigung get\u00f6tet habe. Csaba D. bestreitet jedoch die Anklage wegen Betrugs.<\/p>\n<blockquote>\n<p>Csaba D. steht zudem im Verdacht, im Juli vergangenen Jahres in einem Amsterdamer Cafe einem kroatischen Staatsangeh\u00f6rigen in den Kopf geschossen zu habenDer Kroate starb an den Folgen.<\/p>\n<\/blockquote>\n<p>Der Verd\u00e4chtige bleibt ohne M\u00f6glichkeit einer Freilassung auf Kaution in Haft.<\/p>\n","protected":false},"excerpt":{"rendered":"<p>Ein in Prag wegen mehrerer Anklagen festgenommener ungarisch-serbischer Staatsb\u00fcrger habe eine der gegen ihn erhobenen Mordanklagen zugegeben, teilte das Budapester Berufungsgericht am Montag mit. Der Mann wurde am 1. M\u00e4rz in Prag festgenommen und am 18. Juli den ungarischen Beh\u00f6rden \u00fcbergeben. Die Polizei Sie h\u00e4tten den als Csaba D. identifizierten Mann verd\u00e4chtigt, an zwei Morden [&hellip;]<\/p>\n","protected":false},"author":33,"featured_media":728776,"comment_status":"open","ping_status":"open","sticky":false,"template":"","format":"standard","meta":{"_acf_changed":false,"_display_image":"","footnotes":""},"categories":[1281],"tags":[1236,1484,1076],"class_list":["post-728775","post","type-post","status-publish","format-standard","has-post-thumbnail","hentry","category-geschaft","tag-polizei","tag-serbien","tag-ungarn"],"blocksy_meta":[],"acf":[],"author_username":"ugyelet","telegram_post":"","public_post_metadata":{"breaking_news":"","important":"","csempe":"","center_tile":"","disable_thumbnail":"","target_lang":"","_featured_image_style":"","telegram_post":"","_xlat_group_id":""},"public_rank_math_data":{"title":"%title% %sep% %sitename%","description":"","focus_keyword":"","canonical_url":"","robots":"","primary_category":"1281","breadcrumb_title":"","facebook_title":"","facebook_description":"","facebook_image":"","facebook_image_id":"","twitter_title":"","twitter_description":"","twitter_image":"","twitter_image_id":"","twitter_card_type":"","twitter_use_facebook":"","advanced_robots":"","pillar_content":"","seo_score":"","contentai_score":"","rich_snippet":""},"_links":{"self":[{"href":"https:\/\/dailynewshungary.com\/de\/wp-json\/wp\/v2\/posts\/728775","targetHints":{"allow":["GET"]}}],"collection":[{"href":"https:\/\/dailynewshungary.com\/de\/wp-json\/wp\/v2\/posts"}],"about":[{"href":"https:\/\/dailynewshungary.com\/de\/wp-json\/wp\/v2\/types\/post"}],"author":[{"embeddable":true,"href":"https:\/\/dailynewshungary.com\/de\/wp-json\/wp\/v2\/users\/33"}],"replies":[{"embeddable":true,"href":"https:\/\/dailynewshungary.com\/de\/wp-json\/wp\/v2\/comments?post=728775"}],"version-history":[{"count":0,"href":"https:\/\/dailynewshungary.com\/de\/wp-json\/wp\/v2\/posts\/728775\/revisions"}],"wp:featuredmedia":[{"embeddable":true,"href":"https:\/\/dailynewshungary.com\/de\/wp-json\/wp\/v2\/media\/728776"}],"wp:attachment":[{"href":"https:\/\/dailynewshungary.com\/de\/wp-json\/wp\/v2\/media?parent=728775"}],"wp:term":[{"taxonomy":"category","embeddable":true,"href":"https:\/\/dailynewshungary.com\/de\/wp-json\/wp\/v2\/categories?post=728775"},{"taxonomy":"post_tag","embeddable":true,"href":"https:\/\/dailynewshungary.com\/de\/wp-json\/wp\/v2\/tags?post=728775"}],"curies":[{"name":"wp","href":"https:\/\/api.w.org\/{rel}","templated":true}]}}