{"id":729059,"date":"2019-07-10T09:43:31","date_gmt":"2019-07-10T07:43:31","guid":{"rendered":"https:\/\/dailynewshungary.com\/de\/orban-nahm-am-unabhangigkeitstag-der-us-botschaft-teil\/"},"modified":"2019-07-10T09:43:31","modified_gmt":"2019-07-10T07:43:31","slug":"orban-nahm-am-unabhangigkeitstag-der-us-botschaft-teil","status":"publish","type":"post","link":"https:\/\/dailynewshungary.com\/de\/orban-nahm-am-unabhangigkeitstag-der-us-botschaft-teil\/","title":{"rendered":"Orb\u00e1n nahm am Unabh\u00e4ngigkeitstag der US-Botschaft teil"},"content":{"rendered":"<p><strong>Ungarn und die Vereinigten Staaten unterst\u00fctzen und sch\u00fctzen heute dieselben Werte, sagte Premierminister Viktor Orb\u00e1n am Dienstag bei einem Empfang der US-Botschaft anl\u00e4sslich des Unabh\u00e4ngigkeitstages in Budapest.<\/strong><\/p>\n<p>Bez\u00fcglich der ungarisch-amerikanischen Beziehungen sagte der Premierminister, dass es in den letzten Jahren \u201eH\u00f6chst- und Tiefstst\u00e4nde, gute und schlechte Zeiten\u201cin den Beziehungen beider L\u00e4nder gegeben habe.<\/p>\n<blockquote>\n<p>Die Ungarn glauben, dass die bilateralen Beziehungen jetzt auf dem richtigen Weg seien, sagte er und dankte David B. Cornstein, dem US-Botschafter in Ungarn.<\/p>\n<\/blockquote>\n<p><a href=\"https:\/\/dailynewshungary.com\/de\/der-grose-britische-zuguberfall-wie-eine-15-kopfige-bande-1963-26-millionen-pfund-stahl\/\" target=\"_blank\" rel=\"noopener noreferrer\">Premierminister Orb\u00e1n<\/a> Der Zustand der ungarisch-US-amerikanischen Bindungen hing im Allgemeinen davon ab, ob es eine \u00dcberschneidung der Werte gab, die von der an der Macht befindlichen US-Regierung und den von Ungarn gesch\u00fctzten Werten unterst\u00fctzt wurden \u201cDie Antwort auf diese Frage ist heute ein durchschlagendes &#8216;Ja&#8217;,\u201d sagte er.<\/p>\n<p>Orb\u00e1n sagte, Amerikaner und Ungarn h\u00e4tten zu Recht geglaubt, dass ihre L\u00e4nder an erster Stelle stehen sollten.<\/p>\n<p>Die beiden L\u00e4nder respektieren gegenseitig die \u201cpatriotischen Standpunkte\u201d, sagte Orb\u00e1nEr sagte, sowohl Ungarn als auch die USA hielten es f\u00fcr eine Pflicht, die Sicherheit ihrer B\u00fcrger zu gew\u00e4hrleisten, und setzten sich f\u00fcr die Wahrung des Wertes der Geschlechtergleichstellung einGleicherma\u00dfen f\u00fcgte der Premierminister hinzu, \u201cdie Grundlagen unserer Nationen ruhen auf Familien, die aus einem Vater, einer Mutter und Kindern bestehen\u201d.<\/p>\n<blockquote>\n<p>Orb\u00e1n sagte auch, keines der beiden L\u00e4nder sei bereit, \u201edie moderne politische Heuchelei\u201czu akzeptieren, die seiner Meinung nach die Tatsache ignorierte, dass das Christentum heute die am st\u00e4rksten verfolgte Religion der Welt sei.<\/p>\n<\/blockquote>\n<p>Ungarn und die USA arbeiten eng zusammen, um christlichen Gemeinschaften in Not zu helfen, f\u00fcgte er hinzu.<\/p>\n<p>Das sagte auch der Premierminister<\/p>\n<blockquote>\n<p>Ungarn hatte als mitteleurop\u00e4isches Land die Lehren aus der Geschichte gezogen: Immer wenn es zu einem Konflikt zwischen Ost und West kam, hatten die Mitteleurop\u00e4er immer den K\u00fcrzeren gezogen.<\/p>\n<\/blockquote>\n<p>Aus diesem Grund, sagte er, l\u00e4gen die Interessen Ungarns in einer friedlichen und stabilen MOE-Region, deren beste Garantie seiner Meinung nach die Mitgliedschaft in der NATO sei.<\/p>\n<p>Orb\u00e1n, der zuletzt vor neun Jahren am Empfang der US-Botschaft zum Unabh\u00e4ngigkeitstag teilnahm, versicherte den USA, dass sie im Kampf f\u00fcr die gemeinsamen Werte beider L\u00e4nder auf Ungarn z\u00e4hlen k\u00f6nnen.<\/p>\n<blockquote>\n<p>Cornstein lobte in seiner Ansprache die ungarisch-amerikanischen Beziehungen, er nannte Orb\u00e1n einen \u201cPartner\u201d und einen \u201cFreund\u201d.<\/p>\n<\/blockquote>\n<blockquote class=\"wp-embedded-content\" data-secret=\"KE1ELywBji\"><p><a href=\"https:\/\/dailynewshungary.com\/de\/us-botschafter-begrust-zustimmung-des-parlaments-zum-verteidigungsabkommen-zwischen-den-usa-und-ungarn\/\">US-Botschafter begr\u00fc\u00dft Zustimmung des Parlaments zum Verteidigungsabkommen zwischen den USA und Ungarn<\/a><\/p><\/blockquote>\n<p><iframe loading=\"lazy\" class=\"wp-embedded-content\" sandbox=\"allow-scripts\" security=\"restricted\" style=\"position: absolute; visibility: hidden;\" title=\"\u201cUS ambassador welcomes US-Hungary defence agreement parliament approval\u201d \u2014 DailyNewsHungary\" src=\"https:\/\/dailynewshungary.com\/de\/us-botschafter-begrust-zustimmung-des-parlaments-zum-verteidigungsabkommen-zwischen-den-usa-und-ungarn\/embed\/#?secret=pmrECQkaJc#?secret=KE1ELywBji\" data-secret=\"KE1ELywBji\" width=\"600\" height=\"338\" frameborder=\"0\" marginwidth=\"0\" marginheight=\"0\" scrolling=\"no\"><\/iframe><\/p>\n","protected":false},"excerpt":{"rendered":"<p>Ungarn und die Vereinigten Staaten unterst\u00fctzen und sch\u00fctzen heute dieselben Werte, sagte Premierminister Viktor Orb\u00e1n am Dienstag bei einem Empfang der US-Botschaft anl\u00e4sslich des Unabh\u00e4ngigkeitstages in Budapest. Bez\u00fcglich der ungarisch-amerikanischen Beziehungen sagte der Premierminister, dass es in den letzten Jahren \u201eH\u00f6chst- und Tiefstst\u00e4nde, gute und schlechte Zeiten\u201cin den Beziehungen beider L\u00e4nder gegeben habe. Die Ungarn [&hellip;]<\/p>\n","protected":false},"author":2,"featured_media":729060,"comment_status":"open","ping_status":"open","sticky":false,"template":"","format":"standard","meta":{"_acf_changed":false,"_display_image":"","footnotes":""},"categories":[1081],"tags":[1076,1157,1128],"class_list":["post-729059","post","type-post","status-publish","format-standard","has-post-thumbnail","hentry","category-politik","tag-ungarn","tag-vereinigte-staaten","tag-viktor-orban"],"blocksy_meta":[],"acf":[],"author_username":"alk","telegram_post":"","public_post_metadata":{"breaking_news":"","important":"","csempe":"","center_tile":"","disable_thumbnail":"","target_lang":"","_featured_image_style":"","telegram_post":"","_xlat_group_id":""},"public_rank_math_data":{"title":"%title% %sep% %sitename%","description":"","focus_keyword":"","canonical_url":"","robots":"","primary_category":"1081","breadcrumb_title":"","facebook_title":"","facebook_description":"","facebook_image":"","facebook_image_id":"","twitter_title":"","twitter_description":"","twitter_image":"","twitter_image_id":"","twitter_card_type":"","twitter_use_facebook":"","advanced_robots":"","pillar_content":"","seo_score":"","contentai_score":"","rich_snippet":""},"_links":{"self":[{"href":"https:\/\/dailynewshungary.com\/de\/wp-json\/wp\/v2\/posts\/729059","targetHints":{"allow":["GET"]}}],"collection":[{"href":"https:\/\/dailynewshungary.com\/de\/wp-json\/wp\/v2\/posts"}],"about":[{"href":"https:\/\/dailynewshungary.com\/de\/wp-json\/wp\/v2\/types\/post"}],"author":[{"embeddable":true,"href":"https:\/\/dailynewshungary.com\/de\/wp-json\/wp\/v2\/users\/2"}],"replies":[{"embeddable":true,"href":"https:\/\/dailynewshungary.com\/de\/wp-json\/wp\/v2\/comments?post=729059"}],"version-history":[{"count":0,"href":"https:\/\/dailynewshungary.com\/de\/wp-json\/wp\/v2\/posts\/729059\/revisions"}],"wp:featuredmedia":[{"embeddable":true,"href":"https:\/\/dailynewshungary.com\/de\/wp-json\/wp\/v2\/media\/729060"}],"wp:attachment":[{"href":"https:\/\/dailynewshungary.com\/de\/wp-json\/wp\/v2\/media?parent=729059"}],"wp:term":[{"taxonomy":"category","embeddable":true,"href":"https:\/\/dailynewshungary.com\/de\/wp-json\/wp\/v2\/categories?post=729059"},{"taxonomy":"post_tag","embeddable":true,"href":"https:\/\/dailynewshungary.com\/de\/wp-json\/wp\/v2\/tags?post=729059"}],"curies":[{"name":"wp","href":"https:\/\/api.w.org\/{rel}","templated":true}]}}