{"id":729181,"date":"2019-07-04T20:20:20","date_gmt":"2019-07-04T18:20:20","guid":{"rendered":"https:\/\/dailynewshungary.com\/de\/regierungsbeamter-der-guardian-auserte-sich-zur-ungarischen-demokratie-nicht-im-einklang-mit-der-realitat\/"},"modified":"2019-07-04T20:20:20","modified_gmt":"2019-07-04T18:20:20","slug":"regierungsbeamter-der-guardian-auserte-sich-zur-ungarischen-demokratie-nicht-im-einklang-mit-der-realitat","status":"publish","type":"post","link":"https:\/\/dailynewshungary.com\/de\/regierungsbeamter-der-guardian-auserte-sich-zur-ungarischen-demokratie-nicht-im-einklang-mit-der-realitat\/","title":{"rendered":"Regierungsbeamter: Der Guardian \u00e4u\u00dferte sich zur ungarischen Demokratie \u201enicht im Einklang mit der Realit\u00e4t\u2019"},"content":{"rendered":"<p><strong>In einem Brief an den Herausgeber von The Guardian sagte Zolt\u00e1n Kov\u00e1cs, der Staatssekret\u00e4r f\u00fcr internationale Kommunikation und Beziehungen <a href=\"https:\/\/dailynewshungary.com\/de\/der-guardian-viktor-orban-baut-die-demokratie-ab\/\">Ein k\u00fcrzlich erschienener Artikel in der Zeitung, in dem behauptet wird, die ungarische Regierung w\u00fcrde die Medienfreiheit und die Unabh\u00e4ngigkeit der Justiz abbauen<\/a> \u201cist einfach nicht mit der Realit\u00e4t des heutigen Ungarn zu vereinbaren\u201d.<\/strong><\/p>\n<p>Der Autor des Artikels vom 20. Juni, der Historiker der Universit\u00e4t Oxford Timothy Garton Ash, hatte Ungarns regierende Fidesz-Partei und Premierminister Viktor Orb\u00e1n vorgeworfen, \u201cdie Unabh\u00e4ngigkeit der Justiz effektiv zerst\u00f6rt\u201d zu haben, und sagte, ein Gro\u00dfteil der Medien des Landes sei in einem \u201cPro-Government-Kartell\u201d konsolidiert worden.<\/p>\n<p>In seinem Brief sagte Kov\u00e1cs, regierungskritische Nachrichtenportale h\u00e4tten eine gr\u00f6\u00dfere Leserschaft als regierungsnahe.<\/p>\n<blockquote>\n<p>Kritische Stimmen, so sagte er, h\u00e4tten auch einen \u201cdominanten Zuschaueranteil\u201d im TV gehabt, dem Medium, \u00fcber das seiner Aussage nach 71 Prozent der Ungarn ihre Nachrichten bekommen h\u00e4tten.<\/p>\n<\/blockquote>\n<p>Als Reaktion auf die Kritik von Garton Ash am Stand der Unabh\u00e4ngigkeit der Justiz in Ungarn sagte Kov\u00e1cs, die ungarischen Justizreformen seien \u201evon der EU und der Venedig-Kommission gr\u00fcndlich \u00fcberpr\u00fcft und alle Fragen gekl\u00e4rt\u201cworden\u201d.<\/p>\n<p>Der Staatssekret\u00e4r sagte, den \u201cideologischen \u00dcberzeugungen\u201d von Garton Ash st\u00fcnden Tatsachen entgegen, wie etwa, dass die Wahlbeteiligung in Ungarn gestiegen und nicht gesunken sei. Kov\u00e1cs sagte, dass seit 2010 die Zahl der Ehen gestiegen sei, w\u00e4hrend die Zahl der Scheidungen zur\u00fcckgegangen sei.<\/p>\n<blockquote>\n<p><a href=\"https:\/\/dailynewshungary.com\/de\/die-abtreibungspolitik-in-ungarn\/\">Die Zahl der Abtreibungen sei um fast ein Drittel zur\u00fcckgegangen, sagte er<\/a>\u201cmit steigender Geburtenrate und \u201cauf einem Allzeithoch\u201d der Erwerbsquote bei Frauen.<\/p>\n<\/blockquote>\n<p>Kov\u00e1cs sagte, Ungarns BIP-Wachstumsrate von 5 Prozent sei die h\u00f6chste in der EU \u201eDie Arbeitslosigkeit ist auf ein historisches Niveau gesunken.\u201cDie Zinss\u00e4tze bleiben niedrig und die Reall\u00f6hne wachsen\u201d, schrieb er \u201eUngarn, die nach der Finanzkrise 2008 ausgestiegen sind, kehren jetzt in weitaus gr\u00f6\u00dferer Zahl zur\u00fcck.\u201d<\/p>\n","protected":false},"excerpt":{"rendered":"<p>In einem Brief an den Herausgeber von The Guardian sagte Zolt\u00e1n Kov\u00e1cs, der Staatssekret\u00e4r f\u00fcr internationale Kommunikation und Beziehungen Ein k\u00fcrzlich erschienener Artikel in der Zeitung, in dem behauptet wird, die ungarische Regierung w\u00fcrde die Medienfreiheit und die Unabh\u00e4ngigkeit der Justiz abbauen \u201cist einfach nicht mit der Realit\u00e4t des heutigen Ungarn zu vereinbaren\u201d. Der Autor [&hellip;]<\/p>\n","protected":false},"author":33,"featured_media":729182,"comment_status":"open","ping_status":"open","sticky":false,"template":"","format":"standard","meta":{"_acf_changed":false,"_display_image":"","footnotes":""},"categories":[1081],"tags":[1165,1207,1076,1104],"class_list":["post-729181","post","type-post","status-publish","format-standard","has-post-thumbnail","hentry","category-politik","tag-familie","tag-medien","tag-ungarn","tag-wirtschaft"],"blocksy_meta":[],"acf":[],"author_username":"ugyelet","telegram_post":"","public_post_metadata":{"breaking_news":"","important":"","csempe":"","center_tile":"","disable_thumbnail":"","target_lang":"","_featured_image_style":"","telegram_post":"","_xlat_group_id":""},"public_rank_math_data":{"title":"%title% %sep% %sitename%","description":"","focus_keyword":"","canonical_url":"","robots":"","primary_category":"1081","breadcrumb_title":"","facebook_title":"","facebook_description":"","facebook_image":"","facebook_image_id":"","twitter_title":"","twitter_description":"","twitter_image":"","twitter_image_id":"","twitter_card_type":"","twitter_use_facebook":"","advanced_robots":"","pillar_content":"","seo_score":"","contentai_score":"","rich_snippet":""},"_links":{"self":[{"href":"https:\/\/dailynewshungary.com\/de\/wp-json\/wp\/v2\/posts\/729181","targetHints":{"allow":["GET"]}}],"collection":[{"href":"https:\/\/dailynewshungary.com\/de\/wp-json\/wp\/v2\/posts"}],"about":[{"href":"https:\/\/dailynewshungary.com\/de\/wp-json\/wp\/v2\/types\/post"}],"author":[{"embeddable":true,"href":"https:\/\/dailynewshungary.com\/de\/wp-json\/wp\/v2\/users\/33"}],"replies":[{"embeddable":true,"href":"https:\/\/dailynewshungary.com\/de\/wp-json\/wp\/v2\/comments?post=729181"}],"version-history":[{"count":0,"href":"https:\/\/dailynewshungary.com\/de\/wp-json\/wp\/v2\/posts\/729181\/revisions"}],"wp:featuredmedia":[{"embeddable":true,"href":"https:\/\/dailynewshungary.com\/de\/wp-json\/wp\/v2\/media\/729182"}],"wp:attachment":[{"href":"https:\/\/dailynewshungary.com\/de\/wp-json\/wp\/v2\/media?parent=729181"}],"wp:term":[{"taxonomy":"category","embeddable":true,"href":"https:\/\/dailynewshungary.com\/de\/wp-json\/wp\/v2\/categories?post=729181"},{"taxonomy":"post_tag","embeddable":true,"href":"https:\/\/dailynewshungary.com\/de\/wp-json\/wp\/v2\/tags?post=729181"}],"curies":[{"name":"wp","href":"https:\/\/api.w.org\/{rel}","templated":true}]}}