{"id":729222,"date":"2019-07-03T10:10:44","date_gmt":"2019-07-03T08:10:44","guid":{"rendered":"https:\/\/dailynewshungary.com\/de\/neue-ausstellung-im-vasarely-museum-ausstellung-kunst-raum\/"},"modified":"2019-07-03T10:10:44","modified_gmt":"2019-07-03T08:10:44","slug":"neue-ausstellung-im-vasarely-museum-ausstellung-kunst-raum","status":"publish","type":"post","link":"https:\/\/dailynewshungary.com\/de\/neue-ausstellung-im-vasarely-museum-ausstellung-kunst-raum\/","title":{"rendered":"Neue Ausstellung im Vasarely-Museum: Ausstellung \u2018Kunst & Raum\u2019"},"content":{"rendered":"<p><strong>Das Vasarely-Museum feiert den 50. Jahrestag der Mondlandung mit einer Sonderausstellung, die die Verbindung von Kunst und Raum durch Werke auf dem H\u00f6hepunkt des Kalten Krieges dokumentiert und den euphorischen Glauben der Menschen an die Technologie vermittelt.<\/strong><\/p>\n<p>Die Piloten der Apollo-11-Mission des Raumflugprogramms der Vereinigten Staaten schrieben Geschichte, als sie am 20. Juli 1969 auf dem Mond landetenDie erfolgreiche Landung und der Mondspaziergang der beiden Kosmonauten, Neil Armstrong und Edwin \u201cBuzz\u201d Aldrin \u201cder im Fernsehen live \u00fcber den Globus \u00fcbertragen wurde, k\u00f6nnen als Meilenstein der menschlichen Zivilisation und die gr\u00f6\u00dfte wissenschaftliche Leistung der Menschheit angesehen werden Das Ereignis sendete auch eine symbolische Botschaft Immer mehr Menschen begannen, sich die M\u00f6glichkeiten einer Kontaktaufnahme mit fremden Kulturen auszudenken, w\u00e4hrend K\u00fcnstler ebenfalls ernsthaft mit diesem Konzept besch\u00e4ftigt waren.<\/p>\n<blockquote>\n<p>Die hier ausgestellten Exponate dienen als eine Art diskursives Feld f\u00fcr die in der zweiten H\u00e4lfte des zwanzigsten Jahrhunderts entstandenen St\u00fccke.<\/p>\n<\/blockquote>\n<p><strong>\u00d6ffnungszeiten:<\/strong><br \/>Dienstag, Sonntag: 10 Uhr, 5.45 Uhr<br \/><em>Eintritt bis 5.15 Uhr Der Abschluss beginnt um 5.45 Uhr<\/em><\/p>\n<p><strong>Veranstaltungsort:<\/strong> <br \/>Vasarely-Museum<br \/>1033 Budapest, Szentl\u00e9lek t\u00e9r 6.<\/p>\n<p><iframe loading=\"lazy\" style=\"border: 0;\" src=\"https:\/\/www.google.com\/maps\/embed?pb=!1m18!1m12!1m3!1d62305.09368448492!2d19.01856524914125!3d47.5187361476792!2m3!1f0!2f0!3f0!3m2!1i1024!2i768!4f13.1!3m3!1m2!1s0x4741d95fcdf23b71%3A0x49f08cdc26ac8c7e!2sVasarely+M%C3%BAzeum!5e0!3m2!1shu!2shu!4v1562141185411!5m2!1shu!2shu\" width=\"600\" height=\"450\" frameborder=\"0\" allowfullscreen=\"allowfullscreen\"><\/iframe><\/p>\n<p>Die Ausstellung des Vasarely-Museums zum 50. Jahrestag der Mondlandung pr\u00e4sentiert die Verbindung zwischen Kunst und Weltraum durch Werke, die auf dem H\u00f6hepunkt des Kalten Krieges entstanden sind und die Euphorie widerspiegeln, die damals \u00fcber die Technologie herrschte. Das ausgew\u00e4hlte Material w\u00fcrdigt Ideen, die vor einem halben Jahrhundert konzipiert wurden und auf die Schaffung von Weltraumkunst abzielten. Durch ikonische (wenn auch nicht so bekannte (Werke dokumentiert die Ausstellung den Wunsch der K\u00fcnstler, die irdischen Fesseln abzuwerfen und ihre Werke an einen entfernten Punkt des Universums zu bringen und sie m\u00f6glicherweise auf dem Mond auszustellen.<\/p>\n<p>Dank der faszinierenden Archivaufnahmen, die w\u00e4hrend der Vorbereitungen f\u00fcr die Ausstellung im Vasarely-Museum entdeckt wurden, k\u00f6nnen Besucher eine Reise zur Moon Show vor f\u00fcnfzig Jahren antreten, die unter anderem durch die Interviews mit Wayne Andersen beschworen wird Kurator der Ausstellung und mit Gus Kayafas, der die Dokumentation f\u00fcr die Ausstellung erstellt hat.<\/p>\n<blockquote>\n<p>Die im Vasarely-Museum veranstaltete Ausstellung wird nicht nur durch Artefakte im Zusammenhang mit dem Mond und dem Weltraum, sondern auch durch einige Raumfahrtger\u00e4te aus dieser Zeit sowie durch Aufzeichnungen der Mondlandungen und kritische Adaptionen, die die Landungen diskreditieren, einschlie\u00dflich Reaktionen von, umfassend gestaltet Ungarische K\u00fcnstler.<\/p>\n<\/blockquote>\n<p>Der historische Teil, einer der wichtigsten Teile der Ausstellung, pr\u00e4sentiert den Mond als herausragendes ikonisches Symbol der universellen Kultur durch jeweils ein Werk von den Epochen von der \u00e4gyptischen Kunst bis zur Erfindung der Fotografie Die hier ausgestellten Exponate dienen als eine Art diskursives Feld f\u00fcr die in der zweiten H\u00e4lfte des zwanzigsten Jahrhunderts entstandenen St\u00fccke.<\/p>\n","protected":false},"excerpt":{"rendered":"<p>Das Vasarely-Museum feiert den 50. Jahrestag der Mondlandung mit einer Sonderausstellung, die die Verbindung von Kunst und Raum durch Werke auf dem H\u00f6hepunkt des Kalten Krieges dokumentiert und den euphorischen Glauben der Menschen an die Technologie vermittelt. Die Piloten der Apollo-11-Mission des Raumflugprogramms der Vereinigten Staaten schrieben Geschichte, als sie am 20. Juli 1969 auf [&hellip;]<\/p>\n","protected":false},"author":2,"featured_media":729223,"comment_status":"open","ping_status":"open","sticky":false,"template":"","format":"standard","meta":{"_acf_changed":false,"_display_image":"","footnotes":""},"categories":[1151],"tags":[1232,1111,1076,1469,1246],"class_list":["post-729222","post","type-post","status-publish","format-standard","has-post-thumbnail","hentry","category-kulturen","tag-ausstellung","tag-budapest","tag-ungarn","tag-veranstaltung","tag-weltraum"],"blocksy_meta":[],"acf":[],"author_username":"alk","telegram_post":"","public_post_metadata":{"breaking_news":"","important":"","csempe":"","center_tile":"","disable_thumbnail":"","target_lang":"","_featured_image_style":"","telegram_post":"","_xlat_group_id":""},"public_rank_math_data":{"title":"%title% %sep% %sitename%","description":"","focus_keyword":"","canonical_url":"","robots":"","primary_category":"1151","breadcrumb_title":"","facebook_title":"","facebook_description":"","facebook_image":"","facebook_image_id":"","twitter_title":"","twitter_description":"","twitter_image":"","twitter_image_id":"","twitter_card_type":"","twitter_use_facebook":"","advanced_robots":"","pillar_content":"","seo_score":"","contentai_score":"","rich_snippet":""},"_links":{"self":[{"href":"https:\/\/dailynewshungary.com\/de\/wp-json\/wp\/v2\/posts\/729222","targetHints":{"allow":["GET"]}}],"collection":[{"href":"https:\/\/dailynewshungary.com\/de\/wp-json\/wp\/v2\/posts"}],"about":[{"href":"https:\/\/dailynewshungary.com\/de\/wp-json\/wp\/v2\/types\/post"}],"author":[{"embeddable":true,"href":"https:\/\/dailynewshungary.com\/de\/wp-json\/wp\/v2\/users\/2"}],"replies":[{"embeddable":true,"href":"https:\/\/dailynewshungary.com\/de\/wp-json\/wp\/v2\/comments?post=729222"}],"version-history":[{"count":0,"href":"https:\/\/dailynewshungary.com\/de\/wp-json\/wp\/v2\/posts\/729222\/revisions"}],"wp:featuredmedia":[{"embeddable":true,"href":"https:\/\/dailynewshungary.com\/de\/wp-json\/wp\/v2\/media\/729223"}],"wp:attachment":[{"href":"https:\/\/dailynewshungary.com\/de\/wp-json\/wp\/v2\/media?parent=729222"}],"wp:term":[{"taxonomy":"category","embeddable":true,"href":"https:\/\/dailynewshungary.com\/de\/wp-json\/wp\/v2\/categories?post=729222"},{"taxonomy":"post_tag","embeddable":true,"href":"https:\/\/dailynewshungary.com\/de\/wp-json\/wp\/v2\/tags?post=729222"}],"curies":[{"name":"wp","href":"https:\/\/api.w.org\/{rel}","templated":true}]}}