{"id":729269,"date":"2019-07-01T15:10:08","date_gmt":"2019-07-01T13:10:08","guid":{"rendered":"https:\/\/dailynewshungary.com\/de\/internationale-attosekunden-wissenschafts-und-technologiekonferenz-beginnt-in-szeged\/"},"modified":"2019-07-01T15:10:08","modified_gmt":"2019-07-01T13:10:08","slug":"internationale-attosekunden-wissenschafts-und-technologiekonferenz-beginnt-in-szeged","status":"publish","type":"post","link":"https:\/\/dailynewshungary.com\/de\/internationale-attosekunden-wissenschafts-und-technologiekonferenz-beginnt-in-szeged\/","title":{"rendered":"Internationale attosekunden Wissenschafts \u2013 und Technologiekonferenz beginnt in Szeged"},"content":{"rendered":"<p><strong>Am Montag begann in Szeged, S\u00fcdungarn, eine internationale Konferenz mit rund 400 Laserwissenschaftlern aus 29 L\u00e4ndern.<\/strong><\/p>\n<p>Die f\u00fcnft\u00e4gige Attosecond Science and Technology Conference wird alle Aspekte der Wissenschaft und Technologien in der zweiten Sekunde abdecken, einschlie\u00dflich Quellen, Messtechnik und Anwendungen. ATTO 2019 wird auch Pr\u00e4sentationen von 19 Forschern bieten, die durch ihre Arbeit zur Attosekundenwissenschaft gro\u00dfe Wirkung erzielt haben.<\/p>\n<blockquote>\n<p>Am Abschlusstag der Konferenz besuchen die Teilnehmer das eingeweihte Laserforschungszentrum ELI-ALPS <a href=\"https:\/\/dailynewshungary.com\/?s=szeged\" target=\"_blank\" rel=\"noopener noreferrer\">Szeged<\/a> Im Mai 2017.<\/p>\n<\/blockquote>\n<p>Die Anlage, Teil des Projekts Extreme Light Infrastructure (ELI) der Europ\u00e4ischen Union, macht eine breite Palette ultrakurzer Lichtquellen f\u00fcr die internationale wissenschaftliche Gemeinschaft zug\u00e4nglich Zu ihren Hauptforschungs &#8211; und Anwendungsgebieten geh\u00f6ren Valenz &#8211; und Kernelektronenwissenschaft, 4 D-Bildgebung, relativistische Wechselwirkungen sowie biologische, medizinische und industrielle Anwendungen.<\/p>\n<p>&nbsp;<\/p>\n<\/p>\n<blockquote class=\"wp-embedded-content\" data-secret=\"YeWRqlzgST\"><p><a href=\"https:\/\/dailynewshungary.com\/de\/im-superlaser-forschungszentrum-von-szeged-video-fotos\/\">Im Superlaser-Forschungszentrum von Szeged \u2013 Video, Fotos<\/a><\/p><\/blockquote>\n<p><iframe loading=\"lazy\" class=\"wp-embedded-content\" sandbox=\"allow-scripts\" security=\"restricted\" style=\"position: absolute; visibility: hidden;\" title=\"\u201cInside the super laser research centre of Szeged \u2013 video, photos\u201d \u2014 DailyNewsHungary\" src=\"https:\/\/dailynewshungary.com\/de\/im-superlaser-forschungszentrum-von-szeged-video-fotos\/embed\/#?secret=WdzBHUmLhu#?secret=YeWRqlzgST\" data-secret=\"YeWRqlzgST\" width=\"600\" height=\"338\" frameborder=\"0\" marginwidth=\"0\" marginheight=\"0\" scrolling=\"no\"><\/iframe><\/p>\n","protected":false},"excerpt":{"rendered":"<p>Am Montag begann in Szeged, S\u00fcdungarn, eine internationale Konferenz mit rund 400 Laserwissenschaftlern aus 29 L\u00e4ndern. Die f\u00fcnft\u00e4gige Attosecond Science and Technology Conference wird alle Aspekte der Wissenschaft und Technologien in der zweiten Sekunde abdecken, einschlie\u00dflich Quellen, Messtechnik und Anwendungen. ATTO 2019 wird auch Pr\u00e4sentationen von 19 Forschern bieten, die durch ihre Arbeit zur Attosekundenwissenschaft [&hellip;]<\/p>\n","protected":false},"author":2,"featured_media":729270,"comment_status":"open","ping_status":"open","sticky":false,"template":"","format":"standard","meta":{"_acf_changed":false,"_display_image":"","footnotes":""},"categories":[1098],"tags":[1597,1386,1076,1469,1537],"class_list":["post-729269","post","type-post","status-publish","format-standard","has-post-thumbnail","hentry","category-gesellschaft","tag-konferenz","tag-szeged","tag-ungarn","tag-veranstaltung","tag-wissenschaft"],"blocksy_meta":[],"acf":[],"author_username":"alk","telegram_post":"","public_post_metadata":{"breaking_news":"","important":"","csempe":"","center_tile":"","disable_thumbnail":"","target_lang":"","_featured_image_style":"","telegram_post":"","_xlat_group_id":""},"public_rank_math_data":{"title":"%title% %sep% %sitename%","description":"","focus_keyword":"","canonical_url":"","robots":"","primary_category":"1098","breadcrumb_title":"","facebook_title":"","facebook_description":"","facebook_image":"","facebook_image_id":"","twitter_title":"","twitter_description":"","twitter_image":"","twitter_image_id":"","twitter_card_type":"","twitter_use_facebook":"","advanced_robots":"","pillar_content":"","seo_score":"","contentai_score":"","rich_snippet":""},"_links":{"self":[{"href":"https:\/\/dailynewshungary.com\/de\/wp-json\/wp\/v2\/posts\/729269","targetHints":{"allow":["GET"]}}],"collection":[{"href":"https:\/\/dailynewshungary.com\/de\/wp-json\/wp\/v2\/posts"}],"about":[{"href":"https:\/\/dailynewshungary.com\/de\/wp-json\/wp\/v2\/types\/post"}],"author":[{"embeddable":true,"href":"https:\/\/dailynewshungary.com\/de\/wp-json\/wp\/v2\/users\/2"}],"replies":[{"embeddable":true,"href":"https:\/\/dailynewshungary.com\/de\/wp-json\/wp\/v2\/comments?post=729269"}],"version-history":[{"count":0,"href":"https:\/\/dailynewshungary.com\/de\/wp-json\/wp\/v2\/posts\/729269\/revisions"}],"wp:featuredmedia":[{"embeddable":true,"href":"https:\/\/dailynewshungary.com\/de\/wp-json\/wp\/v2\/media\/729270"}],"wp:attachment":[{"href":"https:\/\/dailynewshungary.com\/de\/wp-json\/wp\/v2\/media?parent=729269"}],"wp:term":[{"taxonomy":"category","embeddable":true,"href":"https:\/\/dailynewshungary.com\/de\/wp-json\/wp\/v2\/categories?post=729269"},{"taxonomy":"post_tag","embeddable":true,"href":"https:\/\/dailynewshungary.com\/de\/wp-json\/wp\/v2\/tags?post=729269"}],"curies":[{"name":"wp","href":"https:\/\/api.w.org\/{rel}","templated":true}]}}