{"id":729307,"date":"2019-06-29T15:00:48","date_gmt":"2019-06-29T13:00:48","guid":{"rendered":"https:\/\/dailynewshungary.com\/de\/spatenstich-fur-strasenprojekt-k-szeg-rattersdorf\/"},"modified":"2019-06-29T15:00:48","modified_gmt":"2019-06-29T13:00:48","slug":"spatenstich-fur-strasenprojekt-k-szeg-rattersdorf","status":"publish","type":"post","link":"https:\/\/dailynewshungary.com\/de\/spatenstich-fur-strasenprojekt-k-szeg-rattersdorf\/","title":{"rendered":"Spatenstich f\u00fcr Stra\u00dfenprojekt K-szeg-Rattersdorf"},"content":{"rendered":"<p><strong>Am Freitag fand im Rahmen eines von der EU kofinanzierten grenz\u00fcberschreitenden Kooperationsprojekts der Spatenstich f\u00fcr den Bau einer Stra\u00dfe zwischen dem ungarischen K.szeg und dem \u00f6sterreichischen Rattersdorf (R.tfalva) statt.<\/strong><\/p>\n<blockquote>\n<p>Der 1,8 Kilometer lange Abschnitt wird die ungarische Stra\u00dfe 87 und die \u00f6sterreichische Stra\u00dfe B61 unter Umgehung von Rattersdorf verbinden.<\/p>\n<\/blockquote>\n<p>In seiner Ansprache vor der Veranstaltung in K.szeg stellte der Staatssekret\u00e4r des ungarischen Au\u00dfenministeriums fest, dass in den letzten Jahren f\u00fcnf \u00f6ffentliche Stra\u00dfen gebaut worden seien, um Ungarn und \u00d6sterreich zu verbinden.<\/p>\n<p>Weitere f\u00fcnf sollen bis 2021 gebaut werden, wobei das aktuelle Projekt das erste sei, sagte Levente Magyar.<\/p>\n<p>Er sagte das<\/p>\n<blockquote>\n<p>Ungarn wird in den n\u00e4chsten zwei Jahren zwei Autobahnabschnitte bauen, um die \u00f6sterreichische Grenze zu erreichen: einen von Sopron und den anderen von K\u00f6rmend \u00fcber R\u00e1baf\u00fczes.<\/p>\n<\/blockquote>\n<p>Das K szeg-Rattersdorf-Projekt kostet netto 1,5 Milliarden Forint (4,6 Mio. EUR), wovon 30 Prozent von der EU im Rahmen ihres Interreg VA \u00d6sterreich-Ungarn-Programms gef\u00f6rdert werden Der Rest der F\u00f6rderung wird vom ungarischen Staat beigesteuert, die Fertigstellung wird im Sommer 2021 erwartet.<\/p>\n","protected":false},"excerpt":{"rendered":"<p>Am Freitag fand im Rahmen eines von der EU kofinanzierten grenz\u00fcberschreitenden Kooperationsprojekts der Spatenstich f\u00fcr den Bau einer Stra\u00dfe zwischen dem ungarischen K.szeg und dem \u00f6sterreichischen Rattersdorf (R.tfalva) statt. Der 1,8 Kilometer lange Abschnitt wird die ungarische Stra\u00dfe 87 und die \u00f6sterreichische Stra\u00dfe B61 unter Umgehung von Rattersdorf verbinden. In seiner Ansprache vor der Veranstaltung [&hellip;]<\/p>\n","protected":false},"author":2,"featured_media":729308,"comment_status":"open","ping_status":"open","sticky":false,"template":"","format":"standard","meta":{"_acf_changed":false,"_display_image":"","footnotes":""},"categories":[1081],"tags":[1129,1076,1145],"class_list":["post-729307","post","type-post","status-publish","format-standard","has-post-thumbnail","hentry","category-politik","tag-osterreich","tag-ungarn","tag-verkehr"],"blocksy_meta":[],"acf":[],"author_username":"alk","telegram_post":"","public_post_metadata":{"breaking_news":"","important":"","csempe":"","center_tile":"","disable_thumbnail":"","target_lang":"","_featured_image_style":"","telegram_post":"","_xlat_group_id":""},"public_rank_math_data":{"title":"%title% %sep% %sitename%","description":"","focus_keyword":"","canonical_url":"","robots":"","primary_category":"1081","breadcrumb_title":"","facebook_title":"","facebook_description":"","facebook_image":"","facebook_image_id":"","twitter_title":"","twitter_description":"","twitter_image":"","twitter_image_id":"","twitter_card_type":"","twitter_use_facebook":"","advanced_robots":"","pillar_content":"","seo_score":"","contentai_score":"","rich_snippet":""},"_links":{"self":[{"href":"https:\/\/dailynewshungary.com\/de\/wp-json\/wp\/v2\/posts\/729307","targetHints":{"allow":["GET"]}}],"collection":[{"href":"https:\/\/dailynewshungary.com\/de\/wp-json\/wp\/v2\/posts"}],"about":[{"href":"https:\/\/dailynewshungary.com\/de\/wp-json\/wp\/v2\/types\/post"}],"author":[{"embeddable":true,"href":"https:\/\/dailynewshungary.com\/de\/wp-json\/wp\/v2\/users\/2"}],"replies":[{"embeddable":true,"href":"https:\/\/dailynewshungary.com\/de\/wp-json\/wp\/v2\/comments?post=729307"}],"version-history":[{"count":0,"href":"https:\/\/dailynewshungary.com\/de\/wp-json\/wp\/v2\/posts\/729307\/revisions"}],"wp:featuredmedia":[{"embeddable":true,"href":"https:\/\/dailynewshungary.com\/de\/wp-json\/wp\/v2\/media\/729308"}],"wp:attachment":[{"href":"https:\/\/dailynewshungary.com\/de\/wp-json\/wp\/v2\/media?parent=729307"}],"wp:term":[{"taxonomy":"category","embeddable":true,"href":"https:\/\/dailynewshungary.com\/de\/wp-json\/wp\/v2\/categories?post=729307"},{"taxonomy":"post_tag","embeddable":true,"href":"https:\/\/dailynewshungary.com\/de\/wp-json\/wp\/v2\/tags?post=729307"}],"curies":[{"name":"wp","href":"https:\/\/api.w.org\/{rel}","templated":true}]}}