{"id":729536,"date":"2019-06-19T12:30:20","date_gmt":"2019-06-19T10:30:20","guid":{"rendered":"https:\/\/dailynewshungary.com\/de\/ungarische-geschafte-aufgrund-von-arbeitskraftemangel-fruher-schliesen\/"},"modified":"2019-06-19T12:30:20","modified_gmt":"2019-06-19T10:30:20","slug":"ungarische-geschafte-aufgrund-von-arbeitskraftemangel-fruher-schliesen","status":"publish","type":"post","link":"https:\/\/dailynewshungary.com\/de\/ungarische-geschafte-aufgrund-von-arbeitskraftemangel-fruher-schliesen\/","title":{"rendered":"Ungarische Gesch\u00e4fte aufgrund von Arbeitskr\u00e4ftemangel fr\u00fcher schlie\u00dfen?"},"content":{"rendered":"<p><strong>Wenn Kunden die Anpassung akzeptieren, k\u00f6nnten H\u00e4ndler ihre Arbeitszeit auf der Grundlage einer einheitlichen Gesch\u00e4ftspolitik verk\u00fcrzen, da dies aus Sicht der Unternehmen g\u00fcnstiger und lohnender w\u00e4re, erkl\u00e4rt Magyar Nemzet. Die Bewertung der vorab geplanten \u00c4nderung wurde bereits von einer Gewerkschaft begonnen, da es in Gesch\u00e4ften, in denen ein qualitativ hochwertiger Service nicht gew\u00e4hrleistet werden kann, einen erheblichen Arbeitskr\u00e4ftemangel gibt. Vermutlich werden Gesch\u00e4fte in Zukunft zwei, vier oder sogar sechs Stunden fr\u00fcher als heute schlie\u00dfen, wenn die Verbraucher die Vereinbarung akzeptieren.<\/strong><\/p>\n<p>Nach <em><a href=\"https:\/\/magyarnemzet.hu\/gazdasag\/korabban-bezarnanak-az-aruhazak-vasarnaponkent-7027766\/\" target=\"_blank\" rel=\"noopener noreferrer\">Magyar Nemzet<\/a><\/em>\u201eObwohl die Regierung die Beschr\u00e4nkung der sonnt\u00e4glichen \u00d6ffnungszeiten von Einzelhandelsgesch\u00e4ften strikt ablehnt, k\u00f6nnte die Frage der Wochenend\u00f6ffnungszeiten wieder auf die Tagesordnung kommen. Die Mehrheit der Filialisten hat bereits erkannt, dass der ganzt\u00e4gige Betrieb sonntags von 6 bis 10 Uhr erfolgt <a href=\"https:\/\/magyarnemzet.hu\/gazdasag\/korabban-bezarnanak-az-aruhazak-vasarnaponkent-7027766\/\" target=\"_blank\" rel=\"noopener noreferrer\">mehreren Schwierigkeiten aus sozialen und wirtschaftlichen Gr\u00fcnden.<\/a> Es lohnt sich nicht, dass die Unternehmen in diesen Tagen ge\u00f6ffnet haben Allerdings in der <strong>Boomender Marktwettbewerb,<\/strong> Gr\u00f6\u00dfere Einzelh\u00e4ndler k\u00f6nnen es sich nicht leisten, sonntags geschlossen zu bleiben, da andere Wettbewerber ihre Kunden anlocken w\u00fcrden.<\/p>\n<p>Nach den <strong>Pr\u00e4sident der Commercial Workers Independent Trade Organization (KDFSZ) \u2013 Csaba Bubenk\u00f3 \u2013<\/strong><\/p>\n<blockquote>\n<p>\u201cEs wurde zuvor enth\u00fcllt, dass weder die Regierung noch die K\u00e4ufer die <a href=\"https:\/\/magyarnemzet.hu\/gazdasag\/korabban-bezarnanak-az-aruhazak-vasarnaponkent-7027766\/\" target=\"_blank\" rel=\"noopener noreferrer\">Vollst\u00e4ndige Schlie\u00dfung von Gesch\u00e4ften,<\/a> Was auch von der Gewerkschaft aufgrund der vielf\u00e4ltigen Verbraucherbed\u00fcrfnisse akzeptiert wird und die Arbeitnehmer gegen ein Zubrot Wochenendarbeitszeit \u00fcbernehmen, allerdings sollten Supermarktketten die Idee in Betracht ziehen, ihre \u00d6ffnungszeiten am Sonntagabend auf der Grundlage eines gegenseitigen Selbstregulierungssystems zu verk\u00fcrzen\u201d<\/p>\n<\/blockquote>\n<p>Dies w\u00fcrde zu einer effizienteren Arbeitsorganisation der Unternehmen f\u00fchren und die Gesch\u00e4fte f\u00fcr Arbeitssuchende mit Familien attraktiver machen. Dar\u00fcber hinaus k\u00f6nnte sich auch die Qualit\u00e4t des Kundendienstes konzentrieren, da w\u00e4hrend der \u00d6ffnungszeiten mehr Fachkr\u00e4fte zur Verf\u00fcgung st\u00fcnden.<\/p>\n<blockquote>\n<p>Es scheint, dass die Arbeitgeber offen f\u00fcr die kompromittierende L\u00f6sung sind, die alle Marktteilnehmer und Verbraucher ebenso beg\u00fcnstigen w\u00fcrde Wie Csaba Bubenk\u00f3 berichtete, wird der Umfrage der Gewerkschaft zur Untersuchung der Nachfrage der Arbeitnehmer die Meinung der breiten \u00d6ffentlichkeit zu k\u00fcrzeren \u00d6ffnungszeiten am Sonntag nachgefragt.<\/p>\n<\/blockquote>\n<p>Es wird erwartet, dass sich haupts\u00e4chlich Einkaufszentren der Anpassung widersetzen werden, w\u00e4hrend Discounter widerstandsloser sein werden. Dies l\u00e4sst sich dadurch erkl\u00e4ren, dass das Interesse der Betreiber von Einkaufszentren darin besteht, den Betrieb ihrer Mieter w\u00e4hrend verl\u00e4ngerter \u00d6ffnungszeiten \u00fcber die ganze Woche hinweg zu erm\u00f6glichen. Neben Einkaufszentren wird erwartet, dass auch andere Gesch\u00e4fte die Vereinbarung ablehnen; Es k\u00f6nnte jedoch ein vern\u00fcnftiger Kompromiss erzielt werden, wenn die Gesch\u00e4fte ihren Betrieb nicht um 10 Uhr schlie\u00dfen, sondern um 8 Uhr, sondern um 6 Uhr oder 4 Uhr beenden w\u00fcrden.<\/p>\n<p>Als <strong>Gy\u00f6rgy V\u00e1mos, Generalsekret\u00e4r des Nationalen Handelsverbandes<\/strong> Besagte \u2013<\/p>\n<blockquote>\n<p>\u201cDie Kunden sind die wichtigsten und die Mehrheit von ihnen w\u00fcnscht, dass die Gesch\u00e4fte sonntags ge\u00f6ffnet haben, doch k\u00f6nnten sie angesichts der Interessen der Filialmitarbeiter bereit sein, die Initiative anzunehmen; doch im Falle von Resortbereichen ist die Verf\u00fcgbarkeit von Gesch\u00e4ften in den sp\u00e4ten Gesch\u00e4ftszeiten ein wesentlicher Faktor, so hob er hervor, dass zun\u00e4chst die Akzeptanz der allgemeinen Bev\u00f6lkerung gepr\u00fcft werden sollte, anhand derer die Frage der Sonntags\u00f6ffnungszeiten sp\u00e4ter noch einmal \u00fcberdacht werden kann\u201d<\/p>\n<\/blockquote>\n","protected":false},"excerpt":{"rendered":"<p>Wenn Kunden die Anpassung akzeptieren, k\u00f6nnten H\u00e4ndler ihre Arbeitszeit auf der Grundlage einer einheitlichen Gesch\u00e4ftspolitik verk\u00fcrzen, da dies aus Sicht der Unternehmen g\u00fcnstiger und lohnender w\u00e4re, erkl\u00e4rt Magyar Nemzet. Die Bewertung der vorab geplanten \u00c4nderung wurde bereits von einer Gewerkschaft begonnen, da es in Gesch\u00e4ften, in denen ein qualitativ hochwertiger Service nicht gew\u00e4hrleistet werden kann, [&hellip;]<\/p>\n","protected":false},"author":37,"featured_media":0,"comment_status":"open","ping_status":"open","sticky":false,"template":"","format":"standard","meta":{"_acf_changed":false,"_display_image":"","footnotes":""},"categories":[1281],"tags":[1729,1096,1166,1171,1076,1104],"class_list":["post-729536","post","type-post","status-publish","format-standard","hentry","category-geschaft","tag-arbeitskraftemangel","tag-arbeitsmarkt","tag-einkaufen","tag-handel","tag-ungarn","tag-wirtschaft"],"blocksy_meta":[],"acf":[],"author_username":"T. Kitti","telegram_post":"","public_post_metadata":{"breaking_news":"","important":"","csempe":"","center_tile":"","disable_thumbnail":"","target_lang":"","_featured_image_style":"","telegram_post":"","_xlat_group_id":""},"public_rank_math_data":{"title":"%title% %sep% %sitename%","description":"","focus_keyword":"","canonical_url":"","robots":"","primary_category":"1281","breadcrumb_title":"","facebook_title":"","facebook_description":"","facebook_image":"","facebook_image_id":"","twitter_title":"","twitter_description":"","twitter_image":"","twitter_image_id":"","twitter_card_type":"","twitter_use_facebook":"","advanced_robots":"","pillar_content":"","seo_score":"","contentai_score":"","rich_snippet":""},"_links":{"self":[{"href":"https:\/\/dailynewshungary.com\/de\/wp-json\/wp\/v2\/posts\/729536","targetHints":{"allow":["GET"]}}],"collection":[{"href":"https:\/\/dailynewshungary.com\/de\/wp-json\/wp\/v2\/posts"}],"about":[{"href":"https:\/\/dailynewshungary.com\/de\/wp-json\/wp\/v2\/types\/post"}],"author":[{"embeddable":true,"href":"https:\/\/dailynewshungary.com\/de\/wp-json\/wp\/v2\/users\/37"}],"replies":[{"embeddable":true,"href":"https:\/\/dailynewshungary.com\/de\/wp-json\/wp\/v2\/comments?post=729536"}],"version-history":[{"count":0,"href":"https:\/\/dailynewshungary.com\/de\/wp-json\/wp\/v2\/posts\/729536\/revisions"}],"wp:attachment":[{"href":"https:\/\/dailynewshungary.com\/de\/wp-json\/wp\/v2\/media?parent=729536"}],"wp:term":[{"taxonomy":"category","embeddable":true,"href":"https:\/\/dailynewshungary.com\/de\/wp-json\/wp\/v2\/categories?post=729536"},{"taxonomy":"post_tag","embeddable":true,"href":"https:\/\/dailynewshungary.com\/de\/wp-json\/wp\/v2\/tags?post=729536"}],"curies":[{"name":"wp","href":"https:\/\/api.w.org\/{rel}","templated":true}]}}