{"id":730156,"date":"2019-05-18T21:00:25","date_gmt":"2019-05-18T19:00:25","guid":{"rendered":"https:\/\/dailynewshungary.com\/de\/ep-wahl-sozialisten-stoppen-sie-den-vormarsch-der-radikalen-rechten-die-auf-dem-spiel-stehen\/"},"modified":"2019-05-18T21:00:25","modified_gmt":"2019-05-18T19:00:25","slug":"ep-wahl-sozialisten-stoppen-sie-den-vormarsch-der-radikalen-rechten-die-auf-dem-spiel-stehen","status":"publish","type":"post","link":"https:\/\/dailynewshungary.com\/de\/ep-wahl-sozialisten-stoppen-sie-den-vormarsch-der-radikalen-rechten-die-auf-dem-spiel-stehen\/","title":{"rendered":"EP-Wahl \u2013 Sozialisten: Stoppen Sie den Vormarsch der radikalen Rechten, die auf dem Spiel stehen"},"content":{"rendered":"<p><strong>Den Vormarsch stoppen <a href=\"https:\/\/dailynewshungary.com\/de\/orban-salvini-stoppte-die-migration-auf-see-ungarn-stoppte-sie-an-land\/\">\u201cSalvini, Orb\u00e1n und ihre rechtsextremen Freunde\u201d<\/a> steht bei den Wahlen zum Europ\u00e4ischen Parlament f\u00fcr Sozialisten und Demokraten auf dem Spiel, sagte der Vorsitzende der oppositionellen Sozialisten am Samstag.<\/strong><\/p>\n<p>Bei einer gemeinsamen Wahlkampfveranstaltung mit P\u00e1rbesz\u00e9d forderte Bertalan T\u00f3th eine gesellschaftliche und gr\u00fcne Wende, Bezugnehmend auf die Aussetzung der Mitgliedschaft regierender Fidesz in der Europ\u00e4ischen Volkspartei sagte er, die ungarische Regierung habe sich aus dem Kader ihrer eigenen Mannschaft gestrichen und ihre F\u00e4higkeit verloren, ungarische Interessen wirksam zu vertreten.<\/p>\n<blockquote>\n<p>\u201cMinisterpr\u00e4sident Viktor Orb\u00e1n hat B\u00fcndnisse mit antieurop\u00e4ischen Extremisten geschlossen\u201d, was bedeutet, dass er bei der Diskussion von Themen wie dem Haushalt der Europ\u00e4ischen Union kein Mitspracherecht bekommen wird, sagte T\u00f3th.<\/p>\n<\/blockquote>\n<p><a href=\"https:\/\/dailynewshungary.com\/de\/ungarns-durchschnittlicher-nettolohn-ist-noch-sehr-niedrig-712-euro-pro-monat\/\">Er forderte die Einf\u00fchrung eines europ\u00e4ischen Mindestlohns von umgerechnet 700 Euro, die<\/a> Eine Mindestrente von 300 Euro, Familienleistungen von 150 Euro und Studentenstipendien von 1.000 Euro pro Jahr.<\/p>\n<p>Gergely Kar\u00e1csony, Co-Vorsitzender von P\u00e1rbesz\u00e9d, das ein Wahlb\u00fcndnis mit den Sozialisten geschlossen hat, sagte, dass Europa anstelle der F\u00fchrer der Volkspartei neue F\u00fchrer brauche, die ein soziales und nachhaltiges Europa aufbauen w\u00fcrden. Die Europ\u00e4ische Volkspartei habe es vers\u00e4umt, \u201epolitische Nobodies\u201czur\u00fcckzuhalten\u201d sowie Wirtschaftslobbys, f\u00fcgte er hinzu.<\/p>\n","protected":false},"excerpt":{"rendered":"<p>Den Vormarsch stoppen \u201cSalvini, Orb\u00e1n und ihre rechtsextremen Freunde\u201d steht bei den Wahlen zum Europ\u00e4ischen Parlament f\u00fcr Sozialisten und Demokraten auf dem Spiel, sagte der Vorsitzende der oppositionellen Sozialisten am Samstag. Bei einer gemeinsamen Wahlkampfveranstaltung mit P\u00e1rbesz\u00e9d forderte Bertalan T\u00f3th eine gesellschaftliche und gr\u00fcne Wende, Bezugnehmend auf die Aussetzung der Mitgliedschaft regierender Fidesz in der [&hellip;]<\/p>\n","protected":false},"author":33,"featured_media":730157,"comment_status":"open","ping_status":"open","sticky":false,"template":"","format":"standard","meta":{"_acf_changed":false,"_display_image":"","footnotes":""},"categories":[1081],"tags":[3916,1695,1076,1128],"class_list":["post-730156","post","type-post","status-publish","format-standard","has-post-thumbnail","hentry","category-politik","tag-ep-wahl-2019","tag-sozialisten","tag-ungarn","tag-viktor-orban"],"blocksy_meta":[],"acf":[],"author_username":"ugyelet","telegram_post":"","public_post_metadata":{"breaking_news":"","important":"","csempe":"","center_tile":"","disable_thumbnail":"","target_lang":"","_featured_image_style":"","telegram_post":"","_xlat_group_id":""},"public_rank_math_data":{"title":"%title% %sep% %sitename%","description":"","focus_keyword":"","canonical_url":"","robots":"","primary_category":"1081","breadcrumb_title":"","facebook_title":"","facebook_description":"","facebook_image":"","facebook_image_id":"","twitter_title":"","twitter_description":"","twitter_image":"","twitter_image_id":"","twitter_card_type":"","twitter_use_facebook":"","advanced_robots":"","pillar_content":"","seo_score":"","contentai_score":"","rich_snippet":""},"_links":{"self":[{"href":"https:\/\/dailynewshungary.com\/de\/wp-json\/wp\/v2\/posts\/730156","targetHints":{"allow":["GET"]}}],"collection":[{"href":"https:\/\/dailynewshungary.com\/de\/wp-json\/wp\/v2\/posts"}],"about":[{"href":"https:\/\/dailynewshungary.com\/de\/wp-json\/wp\/v2\/types\/post"}],"author":[{"embeddable":true,"href":"https:\/\/dailynewshungary.com\/de\/wp-json\/wp\/v2\/users\/33"}],"replies":[{"embeddable":true,"href":"https:\/\/dailynewshungary.com\/de\/wp-json\/wp\/v2\/comments?post=730156"}],"version-history":[{"count":0,"href":"https:\/\/dailynewshungary.com\/de\/wp-json\/wp\/v2\/posts\/730156\/revisions"}],"wp:featuredmedia":[{"embeddable":true,"href":"https:\/\/dailynewshungary.com\/de\/wp-json\/wp\/v2\/media\/730157"}],"wp:attachment":[{"href":"https:\/\/dailynewshungary.com\/de\/wp-json\/wp\/v2\/media?parent=730156"}],"wp:term":[{"taxonomy":"category","embeddable":true,"href":"https:\/\/dailynewshungary.com\/de\/wp-json\/wp\/v2\/categories?post=730156"},{"taxonomy":"post_tag","embeddable":true,"href":"https:\/\/dailynewshungary.com\/de\/wp-json\/wp\/v2\/tags?post=730156"}],"curies":[{"name":"wp","href":"https:\/\/api.w.org\/{rel}","templated":true}]}}