{"id":730258,"date":"2019-05-14T15:25:06","date_gmt":"2019-05-14T13:25:06","guid":{"rendered":"https:\/\/dailynewshungary.com\/de\/ungarische-exportforderungsagentur-eroffnet-buro-in-tokio\/"},"modified":"2019-05-14T15:25:06","modified_gmt":"2019-05-14T13:25:06","slug":"ungarische-exportforderungsagentur-eroffnet-buro-in-tokio","status":"publish","type":"post","link":"https:\/\/dailynewshungary.com\/de\/ungarische-exportforderungsagentur-eroffnet-buro-in-tokio\/","title":{"rendered":"Ungarische Exportf\u00f6rderungsagentur er\u00f6ffnet B\u00fcro in Tokio"},"content":{"rendered":"<p><strong>Die Ungarische Exportf\u00f6rderungsagentur (HEPA) er\u00f6ffnete am Montag ein B\u00fcro in Tokio, teilte Staatssekret\u00e4r des Ministeriums f\u00fcr ausw\u00e4rtige Angelegenheiten und Handel Levente Magyar MTI am Dienstag telefonisch aus Japan mit.<\/strong><\/p>\n<p>Magyar sagte, er habe sich mit Vertretern japanischer Unternehmen getroffen, die in Ungarn Investitionen im Wert von \u201cmehreren hundert Milliarden Forint\u201d planenDie Unternehmen umfassen solche im Automobilsektor und in erneuerbaren Energienf\u00fcgte er hinzu.<\/p>\n<p>Er stellte fest, dass mehr als<\/p>\n<blockquote>\n<p>In Ungarn sind 160 japanische Unternehmen t\u00e4tig, die Zehntausende Menschen besch\u00e4ftigen.<\/p>\n<\/blockquote>\n<p>Magyar sagte, Asien sei der gr\u00f6\u00dfte Exportmarkt f\u00fcr ungarische Lebensmittelprodukte und Ungarn wolle die Beziehungen weiter verbessern und bestehende Kooperationen ausbauen. Er f\u00fcgte hinzu, dass Gespr\u00e4che mit gro\u00dfen Unternehmen im Gange seien <a href=\"https:\/\/dailynewshungary.com\/de\/der-grose-britische-zuguberfall-wie-eine-15-kopfige-bande-1963-26-millionen-pfund-stahl\/\" target=\"_blank\" rel=\"noopener noreferrer\">Japanisch<\/a> Lebensmittelverbraucher, zum Beispiel mit Restaurantketten, die gro\u00dfe Mengen ungarischer Rohstoffe kaufen w\u00fcrdenDas w\u00fcrde den ungarischen Produzenten und auch den Verarbeitungsunternehmen ernsthaft helfenf\u00fcgte er hinzu.<\/p>\n<p>Das hat er auch gesagt<\/p>\n<blockquote>\n<p>Japanisch-ungarische diplomatische Verbindungen waren in diesem Jahr 150 Jahre alt und zum Jubil\u00e4um fanden in den beiden Hauptst\u00e4dten Konzerte, Ausstellungen und Pr\u00e4sentationen statt.<\/p>\n<\/blockquote>\n<hr>\n<h4>Die 10 renommiertesten japanischen Sake-Produzenten besuchten Ungarn \u2013 <a href=\"https:\/\/dailynewshungary.com\/de\/die-10-renommiertesten-japanischen-sake-produzenten-besuchten-ungarn\/\" target=\"_blank\" rel=\"noopener noreferrer\">Lesen Sie hier mehr<\/a><\/h4>\n","protected":false},"excerpt":{"rendered":"<p>Die Ungarische Exportf\u00f6rderungsagentur (HEPA) er\u00f6ffnete am Montag ein B\u00fcro in Tokio, teilte Staatssekret\u00e4r des Ministeriums f\u00fcr ausw\u00e4rtige Angelegenheiten und Handel Levente Magyar MTI am Dienstag telefonisch aus Japan mit. Magyar sagte, er habe sich mit Vertretern japanischer Unternehmen getroffen, die in Ungarn Investitionen im Wert von \u201cmehreren hundert Milliarden Forint\u201d planenDie Unternehmen umfassen solche im [&hellip;]<\/p>\n","protected":false},"author":2,"featured_media":730259,"comment_status":"open","ping_status":"open","sticky":false,"template":"","format":"standard","meta":{"_acf_changed":false,"_display_image":"","footnotes":""},"categories":[1281],"tags":[1094,1470,1489,1164,1076],"class_list":["post-730258","post","type-post","status-publish","format-standard","has-post-thumbnail","hentry","category-geschaft","tag-asien","tag-ausenministerium-fur-ungarn","tag-industrie","tag-japan","tag-ungarn"],"blocksy_meta":[],"acf":[],"author_username":"alk","telegram_post":"","public_post_metadata":{"breaking_news":"","important":"","csempe":"","center_tile":"","disable_thumbnail":"","target_lang":"","_featured_image_style":"","telegram_post":"","_xlat_group_id":""},"public_rank_math_data":{"title":"%title% %sep% %sitename%","description":"","focus_keyword":"","canonical_url":"","robots":"","primary_category":"1281","breadcrumb_title":"","facebook_title":"","facebook_description":"","facebook_image":"","facebook_image_id":"","twitter_title":"","twitter_description":"","twitter_image":"","twitter_image_id":"","twitter_card_type":"","twitter_use_facebook":"","advanced_robots":"","pillar_content":"","seo_score":"","contentai_score":"","rich_snippet":""},"_links":{"self":[{"href":"https:\/\/dailynewshungary.com\/de\/wp-json\/wp\/v2\/posts\/730258","targetHints":{"allow":["GET"]}}],"collection":[{"href":"https:\/\/dailynewshungary.com\/de\/wp-json\/wp\/v2\/posts"}],"about":[{"href":"https:\/\/dailynewshungary.com\/de\/wp-json\/wp\/v2\/types\/post"}],"author":[{"embeddable":true,"href":"https:\/\/dailynewshungary.com\/de\/wp-json\/wp\/v2\/users\/2"}],"replies":[{"embeddable":true,"href":"https:\/\/dailynewshungary.com\/de\/wp-json\/wp\/v2\/comments?post=730258"}],"version-history":[{"count":0,"href":"https:\/\/dailynewshungary.com\/de\/wp-json\/wp\/v2\/posts\/730258\/revisions"}],"wp:featuredmedia":[{"embeddable":true,"href":"https:\/\/dailynewshungary.com\/de\/wp-json\/wp\/v2\/media\/730259"}],"wp:attachment":[{"href":"https:\/\/dailynewshungary.com\/de\/wp-json\/wp\/v2\/media?parent=730258"}],"wp:term":[{"taxonomy":"category","embeddable":true,"href":"https:\/\/dailynewshungary.com\/de\/wp-json\/wp\/v2\/categories?post=730258"},{"taxonomy":"post_tag","embeddable":true,"href":"https:\/\/dailynewshungary.com\/de\/wp-json\/wp\/v2\/tags?post=730258"}],"curies":[{"name":"wp","href":"https:\/\/api.w.org\/{rel}","templated":true}]}}