{"id":730358,"date":"2019-05-10T17:00:53","date_gmt":"2019-05-10T15:00:53","guid":{"rendered":"https:\/\/dailynewshungary.com\/de\/ep-wahlen-zweischwanzige-hundebefurworter-frohliches-cooles-europa\/"},"modified":"2019-05-10T17:00:53","modified_gmt":"2019-05-10T15:00:53","slug":"ep-wahlen-zweischwanzige-hundebefurworter-frohliches-cooles-europa","status":"publish","type":"post","link":"https:\/\/dailynewshungary.com\/de\/ep-wahlen-zweischwanzige-hundebefurworter-frohliches-cooles-europa\/","title":{"rendered":"EP-Wahlen \u2013 Zweischw\u00e4nzige Hundebef\u00fcrworter \u201efr\u00f6hliches, cooles Europa\u2019"},"content":{"rendered":"<p><strong>Die au\u00dferparlamentarische, satirische \u201eTwo-tailed Dog\u201c-Partei w\u00fcrde ein \u201ef\u00e4higes, wahres, fr\u00f6hliches und cooles\u201d Europa aufbauen, sagte der stellvertretende Parteivorsitzende Zsolt Victora dem \u00f6ffentlichen Nachrichtensender M1 und nutzte den seiner Partei zugewiesenen Platz, um ihr Programm f\u00fcr den Mai vorzustellen 26. Europawahl am Freitag.<\/strong><\/p>\n<p>Victora sagte, seine Partei werde \u201ealle Wahlen aller europ\u00e4ischen L\u00e4nder und die Wahlen zum Europ\u00e4ischen Parlament bis 2034\u201cgewinnen. \u201eEr sagte, sein Parteiprogramm beruhe auf \u201ejeden Tag Siesta, mehr arbeitsfreien Tagen und der Einf\u00fchrung von Ungarisch zur Amtssprache der EU\u201d.<\/p>\n<blockquote>\n<p><a href=\"https:\/\/dailynewshungary.com\/de\/der-grose-britische-zuguberfall-wie-eine-15-kopfige-bande-1963-26-millionen-pfund-stahl\/\" target=\"_blank\" rel=\"noopener noreferrer\">Zweischwanzhund<\/a> Alle Feiertage anderer europ\u00e4ischer L\u00e4nder in Ungarn einf\u00fchren w\u00fcrde, so dass nur noch 40-50 Arbeitstage im Jahr \u00fcbrig bleiben.<\/p>\n<\/blockquote>\n<p>Victora argumentierte, dass die Menschen zu viel arbeiten, und f\u00fcgte hinzu, dass die Initiative im Einklang mit dem Motto seiner Partei stehe, das \u201cmehr von allem, weniger von nichts!\u201d fordere<\/p>\n<p>Victora sagte, seine Partei werde diejenigen W\u00e4hler im EP vertreten, die keine andere Partei w\u00e4hlen w\u00fcrden.<\/p>\n<hr>\n<h4 style=\"text-align: center;\">DIE UNGARISCHE WITZPARTEI: DIE ZWEISCHWANZHUNDE \u2013 <a href=\"https:\/\/dailynewshungary.com\/de\/die-ungarische-witzpartei-die-zweischwanzigen-hunde-fotos-video\/\" target=\"_blank\" rel=\"noopener noreferrer\">FOTOS, VIDEO<\/a><\/h4>\n","protected":false},"excerpt":{"rendered":"<p>Die au\u00dferparlamentarische, satirische \u201eTwo-tailed Dog\u201c-Partei w\u00fcrde ein \u201ef\u00e4higes, wahres, fr\u00f6hliches und cooles\u201d Europa aufbauen, sagte der stellvertretende Parteivorsitzende Zsolt Victora dem \u00f6ffentlichen Nachrichtensender M1 und nutzte den seiner Partei zugewiesenen Platz, um ihr Programm f\u00fcr den Mai vorzustellen 26. Europawahl am Freitag. Victora sagte, seine Partei werde \u201ealle Wahlen aller europ\u00e4ischen L\u00e4nder und die Wahlen [&hellip;]<\/p>\n","protected":false},"author":2,"featured_media":730359,"comment_status":"open","ping_status":"open","sticky":false,"template":"","format":"standard","meta":{"_acf_changed":false,"_display_image":"","footnotes":""},"categories":[1081],"tags":[3916,2002],"class_list":["post-730358","post","type-post","status-publish","format-standard","has-post-thumbnail","hentry","category-politik","tag-ep-wahl-2019","tag-zweischwanz-hundepartei"],"blocksy_meta":[],"acf":[],"author_username":"alk","telegram_post":"","public_post_metadata":{"breaking_news":"","important":"","csempe":"","center_tile":"","disable_thumbnail":"","target_lang":"","_featured_image_style":"","telegram_post":"","_xlat_group_id":""},"public_rank_math_data":{"title":"%title% %sep% %sitename%","description":"","focus_keyword":"","canonical_url":"","robots":"","primary_category":"1081","breadcrumb_title":"","facebook_title":"","facebook_description":"","facebook_image":"","facebook_image_id":"","twitter_title":"","twitter_description":"","twitter_image":"","twitter_image_id":"","twitter_card_type":"","twitter_use_facebook":"","advanced_robots":"","pillar_content":"","seo_score":"","contentai_score":"","rich_snippet":""},"_links":{"self":[{"href":"https:\/\/dailynewshungary.com\/de\/wp-json\/wp\/v2\/posts\/730358","targetHints":{"allow":["GET"]}}],"collection":[{"href":"https:\/\/dailynewshungary.com\/de\/wp-json\/wp\/v2\/posts"}],"about":[{"href":"https:\/\/dailynewshungary.com\/de\/wp-json\/wp\/v2\/types\/post"}],"author":[{"embeddable":true,"href":"https:\/\/dailynewshungary.com\/de\/wp-json\/wp\/v2\/users\/2"}],"replies":[{"embeddable":true,"href":"https:\/\/dailynewshungary.com\/de\/wp-json\/wp\/v2\/comments?post=730358"}],"version-history":[{"count":0,"href":"https:\/\/dailynewshungary.com\/de\/wp-json\/wp\/v2\/posts\/730358\/revisions"}],"wp:featuredmedia":[{"embeddable":true,"href":"https:\/\/dailynewshungary.com\/de\/wp-json\/wp\/v2\/media\/730359"}],"wp:attachment":[{"href":"https:\/\/dailynewshungary.com\/de\/wp-json\/wp\/v2\/media?parent=730358"}],"wp:term":[{"taxonomy":"category","embeddable":true,"href":"https:\/\/dailynewshungary.com\/de\/wp-json\/wp\/v2\/categories?post=730358"},{"taxonomy":"post_tag","embeddable":true,"href":"https:\/\/dailynewshungary.com\/de\/wp-json\/wp\/v2\/tags?post=730358"}],"curies":[{"name":"wp","href":"https:\/\/api.w.org\/{rel}","templated":true}]}}