{"id":730397,"date":"2019-05-09T12:30:11","date_gmt":"2019-05-09T10:30:11","guid":{"rendered":"https:\/\/dailynewshungary.com\/de\/der-vpi-fur-ungarn-steigt-im-april-auf-39-prozent\/"},"modified":"2019-05-09T12:30:11","modified_gmt":"2019-05-09T10:30:11","slug":"der-vpi-fur-ungarn-steigt-im-april-auf-39-prozent","status":"publish","type":"post","link":"https:\/\/dailynewshungary.com\/de\/der-vpi-fur-ungarn-steigt-im-april-auf-39-prozent\/","title":{"rendered":"Der VPI f\u00fcr Ungarn steigt im April auf 3,9 Prozent"},"content":{"rendered":"<p><strong>Die Rate der Verbraucherpreisinflation in Ungarn habe sich von 3,7 Prozent im Vormonat auf 3,9 Prozent im April beschleunigt, teilte das Statistische Zentralamt (KSH) am Donnerstag mit.<\/strong><\/p>\n<blockquote>\n<p>Im monatlichen Vergleich stiegen die Preise um 0,9 Prozent nach einem Anstieg um 0,7 Prozent im M\u00e4rz.<\/p>\n<\/blockquote>\n<p>Das Wachstum der Kerninflation, das volatile Lebensmittel- und Kraftstoffpreise ausschlie\u00dft, blieb unver\u00e4ndert bei saisonbereinigten 3,8 Prozent, der mehr als 6-j\u00e4hrigen Spitzenrate, die es im M\u00e4rz erreichte.<\/p>\n<blockquote>\n<p>Die Gesamtinflation \u00fcber zw\u00f6lf Monate war die h\u00f6chste seit Dezember 2012 gemessene und der Anstieg im Monatsvergleich war der st\u00e4rkste seit Januar 2012.<\/p>\n<\/blockquote>\n<p>Bei der Bewertung der Inflationsaussichten nach einer Sitzung zur Zinsfestsetzung am 30. April erkl\u00e4rte der W\u00e4hrungsrat der Ungarischen Nationalbank, dass die Inflation in den kommenden Quartalen \u201cum das Zentralbankziel von 3 Prozent schwanken\u201d werde, w\u00e4hrend das Ma\u00df der Kerninflation ohne indirekte Steuereffekte \u201cein Leitindikator f\u00fcr die zugrunde liegende Inflation ist\u201d, \u201cder voraussichtlich bis zu den Herbstmonaten weiter steigen und dann ab Ende 2019 zur\u00fcckgehen wird\u201d.<\/p>\n<p>Wie wir bereits gestern geschrieben haben, hat die Europ\u00e4ische Kommission ihre Prognose f\u00fcr das ungarische BIP-Wachstum in diesem Jahr in einer viertelj\u00e4hrlich ver\u00f6ffentlichten Prognose von 3,4 Prozent auf 3,7 Prozent angehoben <a href=\"https:\/\/dailynewshungary.com\/de\/europaische-kommission-hebt-ungarn-bip-prognosen-an\/\" target=\"_blank\" rel=\"noopener noreferrer\">Lesen Sie hier mehr<\/a>.<\/p>\n<hr>\n<h4 style=\"text-align: center;\"><a href=\"https:\/\/dailynewshungary.com\/de\/die-industrieproduktion-ungarns-stieg-im-marz-um-8-prozent\/\" target=\"_blank\" rel=\"noopener noreferrer\">UNGARN DIE INDUSTRIEPRODUKTION STIEG IM M\u00c4RZ UM 8 ST\u00dcCK<\/a><\/h4>\n","protected":false},"excerpt":{"rendered":"<p>Die Rate der Verbraucherpreisinflation in Ungarn habe sich von 3,7 Prozent im Vormonat auf 3,9 Prozent im April beschleunigt, teilte das Statistische Zentralamt (KSH) am Donnerstag mit. Im monatlichen Vergleich stiegen die Preise um 0,9 Prozent nach einem Anstieg um 0,7 Prozent im M\u00e4rz. Das Wachstum der Kerninflation, das volatile Lebensmittel- und Kraftstoffpreise ausschlie\u00dft, blieb [&hellip;]<\/p>\n","protected":false},"author":2,"featured_media":730398,"comment_status":"open","ping_status":"open","sticky":false,"template":"","format":"standard","meta":{"_acf_changed":false,"_display_image":"","footnotes":""},"categories":[1281],"tags":[1076,1104],"class_list":["post-730397","post","type-post","status-publish","format-standard","has-post-thumbnail","hentry","category-geschaft","tag-ungarn","tag-wirtschaft"],"blocksy_meta":[],"acf":[],"author_username":"alk","telegram_post":"","public_post_metadata":{"breaking_news":"","important":"","csempe":"","center_tile":"","disable_thumbnail":"","target_lang":"","_featured_image_style":"","telegram_post":"","_xlat_group_id":""},"public_rank_math_data":{"title":"%title% %sep% %sitename%","description":"","focus_keyword":"","canonical_url":"","robots":"","primary_category":"1281","breadcrumb_title":"","facebook_title":"","facebook_description":"","facebook_image":"","facebook_image_id":"","twitter_title":"","twitter_description":"","twitter_image":"","twitter_image_id":"","twitter_card_type":"","twitter_use_facebook":"","advanced_robots":"","pillar_content":"","seo_score":"","contentai_score":"","rich_snippet":""},"_links":{"self":[{"href":"https:\/\/dailynewshungary.com\/de\/wp-json\/wp\/v2\/posts\/730397","targetHints":{"allow":["GET"]}}],"collection":[{"href":"https:\/\/dailynewshungary.com\/de\/wp-json\/wp\/v2\/posts"}],"about":[{"href":"https:\/\/dailynewshungary.com\/de\/wp-json\/wp\/v2\/types\/post"}],"author":[{"embeddable":true,"href":"https:\/\/dailynewshungary.com\/de\/wp-json\/wp\/v2\/users\/2"}],"replies":[{"embeddable":true,"href":"https:\/\/dailynewshungary.com\/de\/wp-json\/wp\/v2\/comments?post=730397"}],"version-history":[{"count":0,"href":"https:\/\/dailynewshungary.com\/de\/wp-json\/wp\/v2\/posts\/730397\/revisions"}],"wp:featuredmedia":[{"embeddable":true,"href":"https:\/\/dailynewshungary.com\/de\/wp-json\/wp\/v2\/media\/730398"}],"wp:attachment":[{"href":"https:\/\/dailynewshungary.com\/de\/wp-json\/wp\/v2\/media?parent=730397"}],"wp:term":[{"taxonomy":"category","embeddable":true,"href":"https:\/\/dailynewshungary.com\/de\/wp-json\/wp\/v2\/categories?post=730397"},{"taxonomy":"post_tag","embeddable":true,"href":"https:\/\/dailynewshungary.com\/de\/wp-json\/wp\/v2\/tags?post=730397"}],"curies":[{"name":"wp","href":"https:\/\/api.w.org\/{rel}","templated":true}]}}