{"id":730588,"date":"2019-05-02T07:20:19","date_gmt":"2019-05-02T05:20:19","guid":{"rendered":"https:\/\/dailynewshungary.com\/de\/der-ungarische-ukw-szijjarto-ausert-sich-schockiert-uber-die-verteidigung-des-terroristen-eines-un-beamten\/"},"modified":"2019-05-02T07:20:19","modified_gmt":"2019-05-02T05:20:19","slug":"der-ungarische-ukw-szijjarto-ausert-sich-schockiert-uber-die-verteidigung-des-terroristen-eines-un-beamten","status":"publish","type":"post","link":"https:\/\/dailynewshungary.com\/de\/der-ungarische-ukw-szijjarto-ausert-sich-schockiert-uber-die-verteidigung-des-terroristen-eines-un-beamten\/","title":{"rendered":"Der ungarische UKW Szijj\u00e1rt\u00f3 \u00e4u\u00dfert sich schockiert \u00fcber die \u201eVerteidigung des Terroristen\u2019 eines UN-Beamten"},"content":{"rendered":"<p><strong>Au\u00dfenministerin P\u00e9ter Szijj\u00e1rt\u00f3 \u00e4u\u00dferte in einem Brief an die Sonderberichterstatterin der Vereinten Nationen, Fionnuala Ni Aolain, \u201cErstaunen und Schock\u201d \u00fcber ihre \u201cVerteidigung eines Terroristen\u201d.<\/strong><\/p>\n<p>Szijj\u00e1rt\u00f3 sagte, es sei \u201cerschreckend\u201d, dass der Berichterstatter die Rolle des \u201cVerteidigungsanwalts f\u00fcr einen Terroristen gespielt habe, der einen Angriff gegen ungarische Polizisten angef\u00fchrt habe, die die Grenzen Ungarns sch\u00fctzten\u201d.<\/p>\n<p>Szijj\u00e1rt\u00f3 schrieb als Antwort auf einen Brief, in dem Ni Aolain erkl\u00e4rt hatte, Ungarn habe die Rechte von Ahmed H. verletzt, einem syrischen Staatsb\u00fcrger, der in Ungarn nach einem Migrantenaufstand an den S\u00fcdgrenzen Ungarns im Jahr 2015 wegen Terrorismus verurteilt wurde.<\/p>\n<blockquote>\n<p>Sie kritisierte sowohl die ungarischen Gesetze als auch das Verfahren und sagte, der Angeklagte sei kein Terrorist und seine Menschenrechte seien verletzt worden.<\/p>\n<\/blockquote>\n<p>In seiner Antwort fragte Szijj\u00e1rt\u00f3, ob es \u201cnormal sei, die Grenze zu \u00fcberqueren, indem man in einen Lautsprecher schreit, einen Angriff anstiftet und Steine auf die Grenzpolizei wirft\u201d.<\/p>\n<p>Er fragte auch, ob sie \u201ewirklich bedeutet, ein Verfahren gegen ein Land einzuleiten, das seine Grenzen und die Sicherheit seiner B\u00fcrger sch\u00fctzt, wenn es um die Verurteilung eines Landes geht <a href=\"https:\/\/dailynewshungary.com\/de\/der-grose-britische-zuguberfall-wie-eine-15-kopfige-bande-1963-26-millionen-pfund-stahl\/\" target=\"_blank\" rel=\"noopener noreferrer\">Terrorist<\/a>\u201c.<\/p>\n<blockquote>\n<p>\u201cEs ist besch\u00e4mend, dass Sie die Zahlungen der Mitglieder, einschlie\u00dflich der Gelder der ungarischen Steuerzahler, ausgeben, um Terroristen zu ermutigen, die Grenzen souver\u00e4ner L\u00e4nder zu verletzen und die Polizei anzugreifen\u201d, schrieb Szijj\u00e1rt\u00f3.<\/p>\n<\/blockquote>\n<p>Wie wir am Montag schrieben, haben die Vereinten Nationen \u201ceinen schockierenden Angriff auf Ungarn gestartet\u201d, wobei einer ihrer Kommissare die Einleitung von Verfahren gegen das Land plant, \u201cweil Ungarns Gerichte einen gewissen Ahmed H. wegen terroristischer Aktivit\u00e4ten verurteilt haben\u201d, sagte der Au\u00dfenminister. <a href=\"https:\/\/dailynewshungary.com\/de\/un-seit-mit-terrorist-uber-ungarn-sagt-ausenminister-in-genf\/\" target=\"_blank\" rel=\"noopener noreferrer\">Lesen Sie hier mehr<\/a>.<\/p>\n","protected":false},"excerpt":{"rendered":"<p>Au\u00dfenministerin P\u00e9ter Szijj\u00e1rt\u00f3 \u00e4u\u00dferte in einem Brief an die Sonderberichterstatterin der Vereinten Nationen, Fionnuala Ni Aolain, \u201cErstaunen und Schock\u201d \u00fcber ihre \u201cVerteidigung eines Terroristen\u201d. Szijj\u00e1rt\u00f3 sagte, es sei \u201cerschreckend\u201d, dass der Berichterstatter die Rolle des \u201cVerteidigungsanwalts f\u00fcr einen Terroristen gespielt habe, der einen Angriff gegen ungarische Polizisten angef\u00fchrt habe, die die Grenzen Ungarns sch\u00fctzten\u201d. Szijj\u00e1rt\u00f3 [&hellip;]<\/p>\n","protected":false},"author":88,"featured_media":730589,"comment_status":"open","ping_status":"open","sticky":false,"template":"","format":"standard","meta":{"_acf_changed":false,"_display_image":"","footnotes":""},"categories":[1081],"tags":[1470,1445,1267,1543,1076,1638],"class_list":["post-730588","post","type-post","status-publish","format-standard","has-post-thumbnail","hentry","category-politik","tag-ausenministerium-fur-ungarn","tag-migration","tag-rechte","tag-terrorismus","tag-ungarn","tag-vereinigte-nationen"],"blocksy_meta":[],"acf":[],"author_username":"alpar.kato","telegram_post":"","public_post_metadata":{"breaking_news":"","important":"","csempe":"","center_tile":"","disable_thumbnail":"","target_lang":"","_featured_image_style":"","telegram_post":"","_xlat_group_id":""},"public_rank_math_data":{"title":"%title% %sep% %sitename%","description":"","focus_keyword":"","canonical_url":"","robots":"","primary_category":"1081","breadcrumb_title":"","facebook_title":"","facebook_description":"","facebook_image":"","facebook_image_id":"","twitter_title":"","twitter_description":"","twitter_image":"","twitter_image_id":"","twitter_card_type":"","twitter_use_facebook":"","advanced_robots":"","pillar_content":"","seo_score":"","contentai_score":"","rich_snippet":""},"_links":{"self":[{"href":"https:\/\/dailynewshungary.com\/de\/wp-json\/wp\/v2\/posts\/730588","targetHints":{"allow":["GET"]}}],"collection":[{"href":"https:\/\/dailynewshungary.com\/de\/wp-json\/wp\/v2\/posts"}],"about":[{"href":"https:\/\/dailynewshungary.com\/de\/wp-json\/wp\/v2\/types\/post"}],"author":[{"embeddable":true,"href":"https:\/\/dailynewshungary.com\/de\/wp-json\/wp\/v2\/users\/88"}],"replies":[{"embeddable":true,"href":"https:\/\/dailynewshungary.com\/de\/wp-json\/wp\/v2\/comments?post=730588"}],"version-history":[{"count":0,"href":"https:\/\/dailynewshungary.com\/de\/wp-json\/wp\/v2\/posts\/730588\/revisions"}],"wp:featuredmedia":[{"embeddable":true,"href":"https:\/\/dailynewshungary.com\/de\/wp-json\/wp\/v2\/media\/730589"}],"wp:attachment":[{"href":"https:\/\/dailynewshungary.com\/de\/wp-json\/wp\/v2\/media?parent=730588"}],"wp:term":[{"taxonomy":"category","embeddable":true,"href":"https:\/\/dailynewshungary.com\/de\/wp-json\/wp\/v2\/categories?post=730588"},{"taxonomy":"post_tag","embeddable":true,"href":"https:\/\/dailynewshungary.com\/de\/wp-json\/wp\/v2\/tags?post=730588"}],"curies":[{"name":"wp","href":"https:\/\/api.w.org\/{rel}","templated":true}]}}