{"id":731585,"date":"2019-03-22T13:40:18","date_gmt":"2019-03-22T12:40:18","guid":{"rendered":"https:\/\/dailynewshungary.com\/de\/ungarischer-jugendstil-im-rampenlicht-der-brusseler-ausstellung\/"},"modified":"2019-03-22T13:40:18","modified_gmt":"2019-03-22T12:40:18","slug":"ungarischer-jugendstil-im-rampenlicht-der-brusseler-ausstellung","status":"publish","type":"post","link":"https:\/\/dailynewshungary.com\/de\/ungarischer-jugendstil-im-rampenlicht-der-brusseler-ausstellung\/","title":{"rendered":"Ungarischer Jugendstil im Rampenlicht der Br\u00fcsseler Ausstellung"},"content":{"rendered":"<p><strong>Der ungarische Jugendstil wird durch Werke der K\u00fcnstlerkolonie G\u00f6d\u00f6ll. auf einer Ausstellung vorgestellt, die im Balassi-Institut in Br\u00fcssel er\u00f6ffnet wurde.<\/strong><\/p>\n<p>Die Gemeinde wurde 1901 von den Malerfreunden Alad\u00e1r K inr\u00f6sf ini-Kriesch und S\u00e1ndor Nagy in der Stadt G\u00f6d\u00f6ll in, einer damals beliebten k\u00f6niglichen Sommerresidenz bei Budapest, gegr\u00fcndet, sp\u00e4ter wurde sie <a href=\"https:\/\/dailynewshungary.com\/de\/die-10-bekanntesten-vertreter-des-jugendstils-in-budapest\/\">Die renommierteste Gruppe des ungarischen Jugendstils<\/a>.<\/p>\n<blockquote>\n<p>Mitglieder der Gemeinschaft waren in allen Bereichen der Kunst aktiv; Neben ihren Hauptwerken entwarfen sie auch einzigartige, k\u00fcnstlerisch gestaltete Objekte der angewandten Kunst. Sie schufen ein exquisites Werk mit Wanddekorationen in Fresken, Glasgem\u00e4lden und Mosaikgraffiti.<\/p>\n<\/blockquote>\n<p>Sie f\u00fchrten einen reformierten Lebensstil mit vegetarischen Mahlzeiten, Alltagssport, reformierter Kleidung, Naturmedizin, klassischen und zeitgen\u00f6ssischen literarischen Lesungen und Heimkonzerten.<\/p>\n<blockquote>\n<p>Der ungarische Botschafter Tam\u00e1s Kov\u00e1cs er\u00f6ffnete die Ausstellung am Donnerstag und sagte, die Show schaffe eine Br\u00fccke zwischen Belgier und <a href=\"https:\/\/dailynewshungary.com\/de\/budapest-gehort-zu-den-10-besten-europaischen-stadten-fur-jugendstil\/\">Ungarischer Jugendstil.<\/a><\/p>\n<\/blockquote>\n<p>Das Programm ist Teil des Br\u00fcsseler Jugendstil- und Art-D\u00e9co-Festivals (BANAD).<\/p>\n<p><em>Ausgew\u00e4hltes Bild: www.facebook.com\/Iparmdv\u00e9szetiM\u00fazeum<\/em><\/p>\n","protected":false},"excerpt":{"rendered":"<p>Der ungarische Jugendstil wird durch Werke der K\u00fcnstlerkolonie G\u00f6d\u00f6ll. auf einer Ausstellung vorgestellt, die im Balassi-Institut in Br\u00fcssel er\u00f6ffnet wurde. Die Gemeinde wurde 1901 von den Malerfreunden Alad\u00e1r K inr\u00f6sf ini-Kriesch und S\u00e1ndor Nagy in der Stadt G\u00f6d\u00f6ll in, einer damals beliebten k\u00f6niglichen Sommerresidenz bei Budapest, gegr\u00fcndet, sp\u00e4ter wurde sie Die renommierteste Gruppe des ungarischen [&hellip;]<\/p>\n","protected":false},"author":7,"featured_media":731586,"comment_status":"open","ping_status":"open","sticky":false,"template":"","format":"standard","meta":{"_acf_changed":false,"_display_image":"","footnotes":""},"categories":[1151],"tags":[1232,2039,1150,1314,1076],"class_list":["post-731585","post","type-post","status-publish","format-standard","has-post-thumbnail","hentry","category-kulturen","tag-ausstellung","tag-benelux","tag-erfolg","tag-kunst","tag-ungarn"],"blocksy_meta":[],"acf":[],"author_username":"Szandi","telegram_post":"","public_post_metadata":{"breaking_news":"","important":"","csempe":"","center_tile":"","disable_thumbnail":"","target_lang":"","_featured_image_style":"","telegram_post":"","_xlat_group_id":""},"public_rank_math_data":{"title":"%title% %sep% %sitename%","description":"","focus_keyword":"","canonical_url":"","robots":"","primary_category":"1151","breadcrumb_title":"","facebook_title":"","facebook_description":"","facebook_image":"","facebook_image_id":"","twitter_title":"","twitter_description":"","twitter_image":"","twitter_image_id":"","twitter_card_type":"","twitter_use_facebook":"","advanced_robots":"","pillar_content":"","seo_score":"","contentai_score":"","rich_snippet":""},"_links":{"self":[{"href":"https:\/\/dailynewshungary.com\/de\/wp-json\/wp\/v2\/posts\/731585","targetHints":{"allow":["GET"]}}],"collection":[{"href":"https:\/\/dailynewshungary.com\/de\/wp-json\/wp\/v2\/posts"}],"about":[{"href":"https:\/\/dailynewshungary.com\/de\/wp-json\/wp\/v2\/types\/post"}],"author":[{"embeddable":true,"href":"https:\/\/dailynewshungary.com\/de\/wp-json\/wp\/v2\/users\/7"}],"replies":[{"embeddable":true,"href":"https:\/\/dailynewshungary.com\/de\/wp-json\/wp\/v2\/comments?post=731585"}],"version-history":[{"count":0,"href":"https:\/\/dailynewshungary.com\/de\/wp-json\/wp\/v2\/posts\/731585\/revisions"}],"wp:featuredmedia":[{"embeddable":true,"href":"https:\/\/dailynewshungary.com\/de\/wp-json\/wp\/v2\/media\/731586"}],"wp:attachment":[{"href":"https:\/\/dailynewshungary.com\/de\/wp-json\/wp\/v2\/media?parent=731585"}],"wp:term":[{"taxonomy":"category","embeddable":true,"href":"https:\/\/dailynewshungary.com\/de\/wp-json\/wp\/v2\/categories?post=731585"},{"taxonomy":"post_tag","embeddable":true,"href":"https:\/\/dailynewshungary.com\/de\/wp-json\/wp\/v2\/tags?post=731585"}],"curies":[{"name":"wp","href":"https:\/\/api.w.org\/{rel}","templated":true}]}}