{"id":731660,"date":"2019-03-19T15:30:40","date_gmt":"2019-03-19T14:30:40","guid":{"rendered":"https:\/\/dailynewshungary.com\/de\/pm-orban-trifft-delegation-des-us-kongresses-aktualisierung\/"},"modified":"2019-03-19T15:30:40","modified_gmt":"2019-03-19T14:30:40","slug":"pm-orban-trifft-delegation-des-us-kongresses-aktualisierung","status":"publish","type":"post","link":"https:\/\/dailynewshungary.com\/de\/pm-orban-trifft-delegation-des-us-kongresses-aktualisierung\/","title":{"rendered":"PM Orb\u00e1n trifft Delegation des US-Kongresses \u2013 AKTUALISIERUNG"},"content":{"rendered":"<p><strong>Ministerpr\u00e4sident Viktor Orb\u00e1n f\u00fchrte am Dienstag in Budapest Gespr\u00e4che mit Mitgliedern des US-Kongresses.<\/strong><\/p>\n<p>Zur Delegation geh\u00f6rten die Senatoren John Barrasso, Mike Crapo, John Kennedy, der Kongressabgeordnete Russell Fulcher und die Kongressabgeordnete Debbie Wasserman Schultz, sagte Orbans Presseschef gegen\u00fcber MTI.<\/p>\n<p>Die Parteien diskutierten bei den Gespr\u00e4chen \u00fcber die aktuelle bilaterale Sicherheitspolitik und wirtschaftliche Zusammenarbeit sowie Fragen im Zusammenhang mit der Energieversorgung Ungarns und Mitteleuropas, sagte Bertalan Havasi gegen\u00fcber MTI.<\/p>\n<p>Die Seiten kamen zu dem Schluss, dass die bilateralen Wirtschafts- und Verteidigungsbeziehungen ausgezeichnet waren und sich die politischen Beziehungen beider L\u00e4nder in letzter Zeit erheblich verbessert haben.<\/p>\n<p>Finanzminister Mih\u00e1ly Varga traf sp\u00e4ter Senator Crapo, mit dem er die bilateralen Wirtschaftsbeziehungen besprach.<\/p>\n<p>In einer Erkl\u00e4rung zitierte das Finanzministerium Varga mit den Worten bei dem Treffen, dass die bilateralen Beziehungen durch die \u00c4hnlichkeiten in den Positionen der Regierungen beider L\u00e4nder in Bereichen wie Steuerpolitik, Familienunterst\u00fctzung oder Einwanderung gest\u00e4rkt werden k\u00f6nnten.<\/p>\n<p>Ungarns investoren &#8211; und unternehmensfreundliche Wirtschaftspolitik zeige sich in den Beziehungen beider L\u00e4nder, sagte Varga.<\/p>\n<blockquote>\n<p>Die Vereinigten Staaten seien Ungarns wichtigster Handelspartner au\u00dferhalb der Europ\u00e4ischen Union, sagte er und wies darauf hin, dass das Volumen der ungarischen Exporte in die USA im vergangenen Jahr um 10 Prozent auf 3,5 Milliarden Dollar gestiegen sei.<\/p>\n<\/blockquote>\n<p>Der Minister sagte, die USA k\u00f6nnten Ungarn weiterhin als zuverl\u00e4ssigen Partner betrachten und argumentierte, dass die Verbesserung der Wirtschaftsleistung des Landes, stabile makro\u00f6konomische Indikatoren, qualifizierte Arbeitskr\u00e4fte und sinkende Steuerlasten weiterhin Investitionen anziehen w\u00fcrden.<\/p>\n<p>Amerikanische Unternehmen bilden eine der bedeutendsten Investorengemeinschaften in Ungarn, sagte Varga und wies darauf hin<\/p>\n<blockquote>\n<p>Die 1.700 US-Unternehmen, die im Land Gesch\u00e4fte t\u00e4tigen, besch\u00e4ftigen mehr als 100.000 Mitarbeiter.<\/p>\n<\/blockquote>\n<p>Wie wir im Februar schrieben, besuchte US-Au\u00dfenminister Mike Pompeo Ungarn und er sagte, dass die Vereinigten Staaten eine Vertiefung der Beziehungen zu Ungarn anstrebten. <a href=\"https:\/\/dailynewshungary.com\/de\/pompeo-die-usa-wollen-die-beziehungen-zu-ungarn-vertiefen\/\" target=\"_blank\" rel=\"noopener noreferrer\">Lesen Sie hier weitere Details<\/a>.<\/p>\n<hr>\n<h4>FOX NEWS LOBT UNGARNS FAMILIENFREUNDLICHE REGIERUNGSPOLITIK \u2013 <a href=\"https:\/\/dailynewshungary.com\/de\/fox-news-lobt-ungarns-familienfreundliche-regierungspolitik-video\/\" target=\"_blank\" rel=\"noopener noreferrer\">VIDEO HIER!<\/a><\/h4>\n","protected":false},"excerpt":{"rendered":"<p>Ministerpr\u00e4sident Viktor Orb\u00e1n f\u00fchrte am Dienstag in Budapest Gespr\u00e4che mit Mitgliedern des US-Kongresses. Zur Delegation geh\u00f6rten die Senatoren John Barrasso, Mike Crapo, John Kennedy, der Kongressabgeordnete Russell Fulcher und die Kongressabgeordnete Debbie Wasserman Schultz, sagte Orbans Presseschef gegen\u00fcber MTI. Die Parteien diskutierten bei den Gespr\u00e4chen \u00fcber die aktuelle bilaterale Sicherheitspolitik und wirtschaftliche Zusammenarbeit sowie Fragen [&hellip;]<\/p>\n","protected":false},"author":2,"featured_media":731661,"comment_status":"open","ping_status":"open","sticky":false,"template":"","format":"standard","meta":{"_acf_changed":false,"_display_image":"","footnotes":""},"categories":[1081],"tags":[1076,1157,1104],"class_list":["post-731660","post","type-post","status-publish","format-standard","has-post-thumbnail","hentry","category-politik","tag-ungarn","tag-vereinigte-staaten","tag-wirtschaft"],"blocksy_meta":[],"acf":[],"author_username":"alk","telegram_post":"","public_post_metadata":{"breaking_news":"","important":"","csempe":"","center_tile":"","disable_thumbnail":"","target_lang":"","_featured_image_style":"","telegram_post":"","_xlat_group_id":""},"public_rank_math_data":{"title":"%title% %sep% %sitename%","description":"","focus_keyword":"","canonical_url":"","robots":"","primary_category":"1081","breadcrumb_title":"","facebook_title":"","facebook_description":"","facebook_image":"","facebook_image_id":"","twitter_title":"","twitter_description":"","twitter_image":"","twitter_image_id":"","twitter_card_type":"","twitter_use_facebook":"","advanced_robots":"","pillar_content":"","seo_score":"","contentai_score":"","rich_snippet":""},"_links":{"self":[{"href":"https:\/\/dailynewshungary.com\/de\/wp-json\/wp\/v2\/posts\/731660","targetHints":{"allow":["GET"]}}],"collection":[{"href":"https:\/\/dailynewshungary.com\/de\/wp-json\/wp\/v2\/posts"}],"about":[{"href":"https:\/\/dailynewshungary.com\/de\/wp-json\/wp\/v2\/types\/post"}],"author":[{"embeddable":true,"href":"https:\/\/dailynewshungary.com\/de\/wp-json\/wp\/v2\/users\/2"}],"replies":[{"embeddable":true,"href":"https:\/\/dailynewshungary.com\/de\/wp-json\/wp\/v2\/comments?post=731660"}],"version-history":[{"count":0,"href":"https:\/\/dailynewshungary.com\/de\/wp-json\/wp\/v2\/posts\/731660\/revisions"}],"wp:featuredmedia":[{"embeddable":true,"href":"https:\/\/dailynewshungary.com\/de\/wp-json\/wp\/v2\/media\/731661"}],"wp:attachment":[{"href":"https:\/\/dailynewshungary.com\/de\/wp-json\/wp\/v2\/media?parent=731660"}],"wp:term":[{"taxonomy":"category","embeddable":true,"href":"https:\/\/dailynewshungary.com\/de\/wp-json\/wp\/v2\/categories?post=731660"},{"taxonomy":"post_tag","embeddable":true,"href":"https:\/\/dailynewshungary.com\/de\/wp-json\/wp\/v2\/tags?post=731660"}],"curies":[{"name":"wp","href":"https:\/\/api.w.org\/{rel}","templated":true}]}}